{"id":59310,"date":"2019-10-02T07:59:47","date_gmt":"2019-10-02T10:59:47","guid":{"rendered":"http:\/\/vinasfm.com\/noticias\/?p=59310"},"modified":"2019-10-02T08:00:09","modified_gmt":"2019-10-02T11:00:09","slug":"se-realizara-una-jornada-tecnica-en-desarrollo-porcino","status":"publish","type":"post","link":"https:\/\/vinasfm.com\/noticias\/se-realizara-una-jornada-tecnica-en-desarrollo-porcino\/","title":{"rendered":"SE REALIZAR\u00c1 UNA JORNADA T\u00c9CNICA EN DESARROLLO PORCINO"},"content":{"rendered":"<h4>Ser\u00e1 el 11 de octubre a partir de las 9 en bodega Fara\u00f3n.<\/h4>\n<p>Ante la situaci\u00f3n actual de peste porcina africana en el mundo y con el fin de evitar la diseminaci\u00f3n de la enfermedad, la Direcci\u00f3n de Ganader\u00eda de la provincia, junto al Cl\u00faster Ganadero y la Fundaci\u00f3n Coprosamen, realizar\u00e1n una jornada t\u00e9cnica de capacitaci\u00f3n y mejora del sector porcino.<\/p>\n<p>Si bien la enfermedad no se encuentra presente ni en la regi\u00f3n ni en el pa\u00eds, el Servicio Nacional de Sanidad y Calidad Agroalimentaria (Senasa) evalu\u00f3 el potencial efecto expansivo que se podr\u00eda generar con la concentraci\u00f3n de cerdos.<\/p>\n<p>Por ello el Senasa, a trav\u00e9s de la Resoluci\u00f3n 793\/2019, proh\u00edbe la concentraci\u00f3n de cerdos en exposiciones rurales que permitan la concurrencia de p\u00fablico en general.<\/p>\n<p>Con el fin de mantener al pa\u00eds libre de enfermedades de alto impacto en la producci\u00f3n y en el comercio internacional, este a\u00f1o, en el marco de la tradicional Expocerdo que se realiza en el Sur mendocino, se desarrollar\u00e1n charlas sobre sistemas productivos, eficiencia en la inseminaci\u00f3n artificial, planes sanitarios porcinos y experiencia y avances en maternidad en cama profunda.<\/p>\n<p><strong>Las exposiciones y talleres se dictar\u00e1 el viernes 11 de octubre desde las 9, en Multiespacio Bodega Fara\u00f3n, ubicado sobre calle 10 y RN 188, General Alvear, Mendoza.<\/strong><\/p>\n<p>Para m\u00e1s informaci\u00f3n, escribir a <a href=\"mailto:info@expocerdomendoza.com\">info@expocerdomendoza.com<\/a><\/p>\n<h5><strong><em>A.C.<\/em><\/strong><\/h5>\n","protected":false},"excerpt":{"rendered":"<p>Ser\u00e1 el 11 de octubre a partir de las 9 en bodega Fara\u00f3n. Ante la situaci\u00f3n actual de peste porcina africana &#8230;<\/p>\n","protected":false},"author":7,"featured_media":26598,"comment_status":"open","ping_status":"open","sticky":false,"template":"","format":"standard","meta":{"footnotes":""},"categories":[5,24],"tags":[],"class_list":["post-59310","post","type-post","status-publish","format-standard","has-post-thumbnail","hentry","category-actualidad","category-ganaderia"],"_links":{"self":[{"href":"https:\/\/vinasfm.com\/noticias\/wp-json\/wp\/v2\/posts\/59310","targetHints":{"allow":["GET"]}}],"collection":[{"href":"https:\/\/vinasfm.com\/noticias\/wp-json\/wp\/v2\/posts"}],"about":[{"href":"https:\/\/vinasfm.com\/noticias\/wp-json\/wp\/v2\/types\/post"}],"author":[{"embeddable":true,"href":"https:\/\/vinasfm.com\/noticias\/wp-json\/wp\/v2\/users\/7"}],"replies":[{"embeddable":true,"href":"https:\/\/vinasfm.com\/noticias\/wp-json\/wp\/v2\/comments?post=59310"}],"version-history":[{"count":1,"href":"https:\/\/vinasfm.com\/noticias\/wp-json\/wp\/v2\/posts\/59310\/revisions"}],"predecessor-version":[{"id":59311,"href":"https:\/\/vinasfm.com\/noticias\/wp-json\/wp\/v2\/posts\/59310\/revisions\/59311"}],"wp:featuredmedia":[{"embeddable":true,"href":"https:\/\/vinasfm.com\/noticias\/wp-json\/wp\/v2\/media\/26598"}],"wp:attachment":[{"href":"https:\/\/vinasfm.com\/noticias\/wp-json\/wp\/v2\/media?parent=59310"}],"wp:term":[{"taxonomy":"category","embeddable":true,"href":"https:\/\/vinasfm.com\/noticias\/wp-json\/wp\/v2\/categories?post=59310"},{"taxonomy":"post_tag","embeddable":true,"href":"https:\/\/vinasfm.com\/noticias\/wp-json\/wp\/v2\/tags?post=59310"}],"curies":[{"name":"wp","href":"https:\/\/api.w.org\/{rel}","templated":true}]}}