{"id":59273,"date":"2019-10-01T08:39:01","date_gmt":"2019-10-01T11:39:01","guid":{"rendered":"http:\/\/vinasfm.com\/noticias\/?p=59273"},"modified":"2019-10-01T08:39:01","modified_gmt":"2019-10-01T11:39:01","slug":"el-desquite-de-tomasa-mili-agostini-y-do-acorde-son-los-finalistas-alvearenses-del-concurso-de-musicas-del-sur","status":"publish","type":"post","link":"https:\/\/vinasfm.com\/noticias\/el-desquite-de-tomasa-mili-agostini-y-do-acorde-son-los-finalistas-alvearenses-del-concurso-de-musicas-del-sur\/","title":{"rendered":"\u2018EL DESQUITE DE TOMASA\u2019, MILI AGOSTINI Y \u2018DO ACORDE\u2019 SON LOS FINALISTAS ALVEARENSES DEL CONCURSO DE M\u00daSICAS DEL SUR"},"content":{"rendered":"<h4><strong>Luego de una exitosa convocatoria y gran repercusi\u00f3n, el primer concurso de las m\u00fasicas del Sur de Mendoza destinado a Gral. Alvear, Malarg\u00fce y San Rafael ya tiene 9 finalistas que actuar\u00e1n en vivo el pr\u00f3ximo s\u00e1bado 5 de octubre en el Teatro Antonio Lafalla de nuestro departamento. <\/strong><\/h4>\n<p>En el marco de esa presentaci\u00f3n especial que contar\u00e1 con la presencia de los <strong>5 miembros del Jurado<\/strong>, se definir\u00e1n lo 3 ganadores, uno por departamento, que grabar\u00e1n su \u00e1lbum en el reconocido estudio Fader Records de la ciudad de Mendoza y se publicar\u00e1 en todas las tiendas digitales.<\/p>\n<p>Ante casi un centenar de obras .presentadas los miembros del jurado integrado por <strong>Gabriela Malizia<\/strong>, <strong>Mariela Contreras<\/strong>, <strong>Walter Gazzo<\/strong>, <strong>Bebe Contepomi<\/strong> y <strong>Claudio Kleiman<\/strong>, ya definieron los <strong>9 finalistas<\/strong>.<\/p>\n<ul>\n<li>Por <strong><em>GENERAL ALVEAR<\/em><\/strong> los m\u00e1s votados han sido <strong>EL DESQUITE DE TOMASA, MILI AGOSTINI <\/strong>y <strong>DO ACORDE. <\/strong><\/li>\n<li>Por <em>SAN RAFAEL<\/em> fueron elegidos <strong>FRANK MORRIS, JUAN FARR\u00c9 <\/strong>Y <strong>LOS HIJOS DEL TIEMPO.<\/strong><\/li>\n<li>Por<em> MALARG\u00dcE <\/em>resultaron finalistas <strong>MIB, BR1 <\/strong>y<strong> CUATRO CUARTOS.<\/strong><\/li>\n<\/ul>\n<p>El concurso tendr\u00e1 adem\u00e1s un <strong>cierre a beneficio de los Merenderos Municipales de Alvear<\/strong>. Quienes quieran asistir a presenciar el certamen final podr\u00e1n hacerlo canjeando sus entradas a partir del martes 1 de octubre en la boleter\u00eda del <strong>Teatro Antonio Lafalla<\/strong>, por <strong>una caja de leche en polvo<\/strong> destinada a los Merenderos Municipales de nuestro departamento.<\/p>\n<p>El <strong>objetivo<\/strong> del concurso es <strong>acompa\u00f1ar, promover y visibilizar la potencia creativa de los nuevos creadores y creadoras de las m\u00fasicas<\/strong> de los departamentos del sur provincial. Motivando la participaci\u00f3n de artistas de distintos g\u00e9neros y estilos, con composiciones propias y originales dando cuenta de la diversidad art\u00edstica del Sur de Mendoza y su fuerza regional proyectada al mundo.<\/p>\n<p>-M\u00e1s informaci\u00f3n en <a href=\"https:\/\/www.google.com\/url?q=http:\/\/www.cultura.mendoza.gov.ar&amp;sa=D&amp;ust=1565200510967000&amp;usg=AFQjCNH6ZCsnpv2En0XFzGm2yxgHgHyx4A\">www.cultura.mendoza.gov.ar<\/a><\/p>\n<p>-Consultas: mendozasuenamusica@gmail.com<\/p>\n<h5><em>F.B. (F.M. Vi\u00f1as).<\/em><\/h5>\n","protected":false},"excerpt":{"rendered":"<p>Luego de una exitosa convocatoria y gran repercusi\u00f3n, el primer concurso de las m\u00fasicas del Sur de Mendoza destinado a Gral. &#8230;<\/p>\n","protected":false},"author":8,"featured_media":59274,"comment_status":"open","ping_status":"open","sticky":false,"template":"","format":"standard","meta":{"footnotes":""},"categories":[5,10],"tags":[],"class_list":["post-59273","post","type-post","status-publish","format-standard","has-post-thumbnail","hentry","category-actualidad","category-destacadas"],"_links":{"self":[{"href":"https:\/\/vinasfm.com\/noticias\/wp-json\/wp\/v2\/posts\/59273","targetHints":{"allow":["GET"]}}],"collection":[{"href":"https:\/\/vinasfm.com\/noticias\/wp-json\/wp\/v2\/posts"}],"about":[{"href":"https:\/\/vinasfm.com\/noticias\/wp-json\/wp\/v2\/types\/post"}],"author":[{"embeddable":true,"href":"https:\/\/vinasfm.com\/noticias\/wp-json\/wp\/v2\/users\/8"}],"replies":[{"embeddable":true,"href":"https:\/\/vinasfm.com\/noticias\/wp-json\/wp\/v2\/comments?post=59273"}],"version-history":[{"count":1,"href":"https:\/\/vinasfm.com\/noticias\/wp-json\/wp\/v2\/posts\/59273\/revisions"}],"predecessor-version":[{"id":59275,"href":"https:\/\/vinasfm.com\/noticias\/wp-json\/wp\/v2\/posts\/59273\/revisions\/59275"}],"wp:featuredmedia":[{"embeddable":true,"href":"https:\/\/vinasfm.com\/noticias\/wp-json\/wp\/v2\/media\/59274"}],"wp:attachment":[{"href":"https:\/\/vinasfm.com\/noticias\/wp-json\/wp\/v2\/media?parent=59273"}],"wp:term":[{"taxonomy":"category","embeddable":true,"href":"https:\/\/vinasfm.com\/noticias\/wp-json\/wp\/v2\/categories?post=59273"},{"taxonomy":"post_tag","embeddable":true,"href":"https:\/\/vinasfm.com\/noticias\/wp-json\/wp\/v2\/tags?post=59273"}],"curies":[{"name":"wp","href":"https:\/\/api.w.org\/{rel}","templated":true}]}}