{"id":59267,"date":"2019-10-01T07:33:22","date_gmt":"2019-10-01T10:33:22","guid":{"rendered":"http:\/\/vinasfm.com\/noticias\/?p=59267"},"modified":"2019-10-01T12:21:45","modified_gmt":"2019-10-01T15:21:45","slug":"conoce-el-cronograma-de-venta-de-garrafas-subsidiadas-y-quirofano-veterinario-movil-de-octubre","status":"publish","type":"post","link":"https:\/\/vinasfm.com\/noticias\/conoce-el-cronograma-de-venta-de-garrafas-subsidiadas-y-quirofano-veterinario-movil-de-octubre\/","title":{"rendered":"CONOCE EL CRONOGRAMA DE VENTA DE GARRAFAS SUBSIDIADAS Y QUIR\u00d3FANO VETERINARIO M\u00d3VIL DE OCTUBRE"},"content":{"rendered":"<h4>Se contin\u00faa con la entrega de garrafas a precio subsidiado por el municipio durante el mes de octubre. El precio es de $270 y aquellos que deseen adquirirla deben asistir con su DNI y un envase vac\u00edo.<\/h4>\n<p>Conoc\u00e9 el cronograma de octubre:<\/p>\n<p><a href=\"http:\/\/vinasfm.com\/noticias\/wp-content\/uploads\/2019\/10\/garrafa.jpeg\"><img loading=\"lazy\" decoding=\"async\" class=\"wp-image-59269 aligncenter\" src=\"http:\/\/vinasfm.com\/noticias\/wp-content\/uploads\/2019\/10\/garrafa-290x300.jpeg\" alt=\"\" width=\"530\" height=\"548\" srcset=\"https:\/\/vinasfm.com\/noticias\/wp-content\/uploads\/2019\/10\/garrafa-290x300.jpeg 290w, https:\/\/vinasfm.com\/noticias\/wp-content\/uploads\/2019\/10\/garrafa-768x794.jpeg 768w, https:\/\/vinasfm.com\/noticias\/wp-content\/uploads\/2019\/10\/garrafa-990x1024.jpeg 990w, https:\/\/vinasfm.com\/noticias\/wp-content\/uploads\/2019\/10\/garrafa.jpeg 1238w\" sizes=\"auto, (max-width: 530px) 100vw, 530px\" \/><\/a><\/p>\n<p>En cuanto al quir\u00f3fano veterinario m\u00f3vil:<\/p>\n<p><a href=\"http:\/\/vinasfm.com\/noticias\/wp-content\/uploads\/2019\/10\/quirofano-movil.jpg\"><img loading=\"lazy\" decoding=\"async\" class=\"wp-image-59270 aligncenter\" src=\"http:\/\/vinasfm.com\/noticias\/wp-content\/uploads\/2019\/10\/quirofano-movil-284x300.jpg\" alt=\"\" width=\"536\" height=\"567\" srcset=\"https:\/\/vinasfm.com\/noticias\/wp-content\/uploads\/2019\/10\/quirofano-movil-284x300.jpg 284w, https:\/\/vinasfm.com\/noticias\/wp-content\/uploads\/2019\/10\/quirofano-movil-768x812.jpg 768w, https:\/\/vinasfm.com\/noticias\/wp-content\/uploads\/2019\/10\/quirofano-movil-969x1024.jpg 969w, https:\/\/vinasfm.com\/noticias\/wp-content\/uploads\/2019\/10\/quirofano-movil.jpg 1211w\" sizes=\"auto, (max-width: 536px) 100vw, 536px\" \/><\/a><\/p>\n<h5><em><strong>A.C.<\/strong><\/em><\/h5>\n<p>&nbsp;<\/p>\n","protected":false},"excerpt":{"rendered":"<p>Se contin\u00faa con la entrega de garrafas a precio subsidiado por el municipio durante el mes de octubre. El precio es &#8230;<\/p>\n","protected":false},"author":7,"featured_media":52857,"comment_status":"open","ping_status":"open","sticky":false,"template":"","format":"standard","meta":{"footnotes":""},"categories":[5,10],"tags":[],"class_list":["post-59267","post","type-post","status-publish","format-standard","has-post-thumbnail","hentry","category-actualidad","category-destacadas"],"_links":{"self":[{"href":"https:\/\/vinasfm.com\/noticias\/wp-json\/wp\/v2\/posts\/59267","targetHints":{"allow":["GET"]}}],"collection":[{"href":"https:\/\/vinasfm.com\/noticias\/wp-json\/wp\/v2\/posts"}],"about":[{"href":"https:\/\/vinasfm.com\/noticias\/wp-json\/wp\/v2\/types\/post"}],"author":[{"embeddable":true,"href":"https:\/\/vinasfm.com\/noticias\/wp-json\/wp\/v2\/users\/7"}],"replies":[{"embeddable":true,"href":"https:\/\/vinasfm.com\/noticias\/wp-json\/wp\/v2\/comments?post=59267"}],"version-history":[{"count":1,"href":"https:\/\/vinasfm.com\/noticias\/wp-json\/wp\/v2\/posts\/59267\/revisions"}],"predecessor-version":[{"id":59271,"href":"https:\/\/vinasfm.com\/noticias\/wp-json\/wp\/v2\/posts\/59267\/revisions\/59271"}],"wp:featuredmedia":[{"embeddable":true,"href":"https:\/\/vinasfm.com\/noticias\/wp-json\/wp\/v2\/media\/52857"}],"wp:attachment":[{"href":"https:\/\/vinasfm.com\/noticias\/wp-json\/wp\/v2\/media?parent=59267"}],"wp:term":[{"taxonomy":"category","embeddable":true,"href":"https:\/\/vinasfm.com\/noticias\/wp-json\/wp\/v2\/categories?post=59267"},{"taxonomy":"post_tag","embeddable":true,"href":"https:\/\/vinasfm.com\/noticias\/wp-json\/wp\/v2\/tags?post=59267"}],"curies":[{"name":"wp","href":"https:\/\/api.w.org\/{rel}","templated":true}]}}