{"id":59266,"date":"2019-10-01T07:30:00","date_gmt":"2019-10-01T10:30:00","guid":{"rendered":"http:\/\/vinasfm.com\/noticias\/?p=59266"},"modified":"2019-10-02T10:19:10","modified_gmt":"2019-10-02T13:19:10","slug":"inseguridad-robaron-en-un-local-comercial-de-monte-coman","status":"publish","type":"post","link":"https:\/\/vinasfm.com\/noticias\/inseguridad-robaron-en-un-local-comercial-de-monte-coman\/","title":{"rendered":"INSEGURIDAD: ROBARON EN UN LOCAL COMERCIAL DE MONTE COM\u00c1N"},"content":{"rendered":"<h4><strong>En horas de la tarde de este lunes, autores ignorados sustrajeron varios elementos del interior de un local comercial ubicado en calle Corrientes del distrito de Monte Com\u00e1n.<\/strong><\/h4>\n<p>Seg\u00fan precis\u00f3 la informaci\u00f3n oficial, el hecho fue denunciado cerca de las <strong>13:20h del d\u00eda de ayer<\/strong> por un comerciante montecomanino que arrib\u00f3 a su local sin uso ubicado en <strong>calle Corrientes<\/strong> y constat\u00f3 que <strong>desconocidos hab\u00edan da\u00f1ado una de las aberturas para ingresar<\/strong> y sustrajeron varias <strong><em>bolsas de pegamento para cer\u00e1mica<\/em><\/strong>, <strong><em>dos cajas de cer\u00e1mica, una bomba de agua<\/em><\/strong> y <strong><em>un inodoro<\/em><\/strong>.<\/p>\n<p>El hecho delictivo fue denunciado por la v\u00edctima en Comisar\u00eda 64\u00b0 donde se caratul\u00f3 como \u201c<strong>Robo<\/strong>\u201d bajo instrucci\u00f3n de la Unidad Fiscal de esa dependencia.<\/p>\n<h5><em>F.B. (F.M. Vi\u00f1as).<\/em><\/h5>\n","protected":false},"excerpt":{"rendered":"<p>En horas de la tarde de este lunes, autores ignorados sustrajeron varios elementos del interior de un local comercial ubicado en &#8230;<\/p>\n","protected":false},"author":8,"featured_media":36046,"comment_status":"open","ping_status":"open","sticky":false,"template":"","format":"standard","meta":{"footnotes":""},"categories":[5,4],"tags":[],"class_list":["post-59266","post","type-post","status-publish","format-standard","has-post-thumbnail","hentry","category-actualidad","category-policiales"],"_links":{"self":[{"href":"https:\/\/vinasfm.com\/noticias\/wp-json\/wp\/v2\/posts\/59266","targetHints":{"allow":["GET"]}}],"collection":[{"href":"https:\/\/vinasfm.com\/noticias\/wp-json\/wp\/v2\/posts"}],"about":[{"href":"https:\/\/vinasfm.com\/noticias\/wp-json\/wp\/v2\/types\/post"}],"author":[{"embeddable":true,"href":"https:\/\/vinasfm.com\/noticias\/wp-json\/wp\/v2\/users\/8"}],"replies":[{"embeddable":true,"href":"https:\/\/vinasfm.com\/noticias\/wp-json\/wp\/v2\/comments?post=59266"}],"version-history":[{"count":1,"href":"https:\/\/vinasfm.com\/noticias\/wp-json\/wp\/v2\/posts\/59266\/revisions"}],"predecessor-version":[{"id":59268,"href":"https:\/\/vinasfm.com\/noticias\/wp-json\/wp\/v2\/posts\/59266\/revisions\/59268"}],"wp:featuredmedia":[{"embeddable":true,"href":"https:\/\/vinasfm.com\/noticias\/wp-json\/wp\/v2\/media\/36046"}],"wp:attachment":[{"href":"https:\/\/vinasfm.com\/noticias\/wp-json\/wp\/v2\/media?parent=59266"}],"wp:term":[{"taxonomy":"category","embeddable":true,"href":"https:\/\/vinasfm.com\/noticias\/wp-json\/wp\/v2\/categories?post=59266"},{"taxonomy":"post_tag","embeddable":true,"href":"https:\/\/vinasfm.com\/noticias\/wp-json\/wp\/v2\/tags?post=59266"}],"curies":[{"name":"wp","href":"https:\/\/api.w.org\/{rel}","templated":true}]}}