{"id":59251,"date":"2019-10-01T10:10:45","date_gmt":"2019-10-01T13:10:45","guid":{"rendered":"http:\/\/vinasfm.com\/noticias\/?p=59251"},"modified":"2019-10-02T10:26:57","modified_gmt":"2019-10-02T13:26:57","slug":"el-intendente-walther-marcolini-analizo-el-resultado-de-las-elecciones","status":"publish","type":"post","link":"https:\/\/vinasfm.com\/noticias\/el-intendente-walther-marcolini-analizo-el-resultado-de-las-elecciones\/","title":{"rendered":"EL INTENDENTE WALTHER MARCOLINI ANALIZ\u00d3 EL RESULTADO DE LAS ELECCIONES"},"content":{"rendered":"<h4><strong>Luego de la contundente victoria que consigui\u00f3 el Frente Cambia Mendoza- UCR en General Alvear mediante la cual el Lic. Walther Marcolini fue ratificado por el 55, 69% del electorado alvearense para un segundo mandato, analiz\u00f3 en conferencia de prensa los resultados obtenidos a nivel local y provincial.<\/strong><\/h4>\n<p>Con el 100% de las mesas escrutadas (<em>113 habilitadas en General Alvear<\/em>) <strong>Walther Marcolini obtuvo 15.742 votos<\/strong> contra <strong>12.525 que consigui\u00f3 Cristian Gonz\u00e1lez<\/strong>, candidato del Frente Eleg\u00ed. La tendencia comenz\u00f3 a marcarse con los primeros resultados que arrojaba el \u201c<em>boca de urna<\/em>\u201d en diferentes establecimientos educativos del departamento. <strong>Alvear eligi\u00f3 darle continuaci\u00f3n a la gesti\u00f3n de Marcolini hasta 2023<\/strong>.<\/p>\n<h6><em><strong>Ver tambi\u00e9n: <a href=\"http:\/\/vinasfm.com\/noticias\/elecciones-2019-general-alvear-ratifico-a-walther-marcolini-como-intendente\/\">http:\/\/vinasfm.com\/noticias\/elecciones-2019-general-alvear-ratifico-a-walther-marcolini-como-intendente\/<\/a><\/strong><\/em><\/h6>\n<p>En la provincia, la f\u00f3rmula <strong>Suarez-Abed que se impuso por 51% frente a Anabel Fern\u00e1ndez Sagasti<\/strong>, con <strong>34%. E<\/strong>l actual y electo intendente municipal coment\u00f3 que pudo \u201c<em>dialogar con <strong>Rodolfo Suarez<\/strong>, <strong>gobernador electo de Mendoza<\/strong>, quien <strong>hizo un muy buena elecci\u00f3n<\/strong>. En los departamentos del Gran Mendoza han habido diferencias significativas que han sido respaldo explicito de la gesti\u00f3n de cada intendente reelecto. <strong>El aval a la gesti\u00f3n de Alfredo Cornejo ha sido inmenso y habla de lo que los mendocinos quieren para el futuro de la provincia<\/strong>\u201d.<\/em><\/p>\n<div id=\"attachment_59252\" style=\"width: 316px\" class=\"wp-caption alignleft\"><img loading=\"lazy\" decoding=\"async\" aria-describedby=\"caption-attachment-59252\" class=\"wp-image-59252 \" src=\"http:\/\/vinasfm.com\/noticias\/wp-content\/uploads\/2019\/09\/7499b09c-c46c-436e-b287-30c29927a411-300x169.jpg\" alt=\"\" width=\"316\" height=\"178\" srcset=\"https:\/\/vinasfm.com\/noticias\/wp-content\/uploads\/2019\/09\/7499b09c-c46c-436e-b287-30c29927a411-300x169.jpg 300w, https:\/\/vinasfm.com\/noticias\/wp-content\/uploads\/2019\/09\/7499b09c-c46c-436e-b287-30c29927a411-768x432.jpg 768w, https:\/\/vinasfm.com\/noticias\/wp-content\/uploads\/2019\/09\/7499b09c-c46c-436e-b287-30c29927a411-1024x576.jpg 1024w, https:\/\/vinasfm.com\/noticias\/wp-content\/uploads\/2019\/09\/7499b09c-c46c-436e-b287-30c29927a411-750x420.jpg 750w, https:\/\/vinasfm.com\/noticias\/wp-content\/uploads\/2019\/09\/7499b09c-c46c-436e-b287-30c29927a411.jpg 1032w\" sizes=\"auto, (max-width: 316px) 100vw, 316px\" \/><p id=\"caption-attachment-59252\" class=\"wp-caption-text\">Mariano Varela (Delegado de Alvear Oeste), Jos\u00e9 Mor\u00e1n (concejal electo), Intendente Walther Marcolini, Patricia Salice (concejal electa) y Mabel Ucelli (concejal electa).<\/p><\/div>\n<p>Asimismo, el <strong>Jefe Comunal<\/strong> se refiri\u00f3 a la victoria obtenida por el candidato del <strong>Frente Cambia Mendoza en Malarg\u00fce<\/strong>, <strong>Juan Manuel Ojeda<\/strong>, representante por el que apost\u00f3 <strong>Laura Montero<\/strong> dentro de la interna radical, <strong>quien gan\u00f3 con m\u00e1s del 58% de los votos<\/strong>, dejando en segundo lugar a <strong>Jos\u00e9 Barro<\/strong> (<strong><em>Frente Eleg\u00ed<\/em><\/strong>), quien obtuvo el 41,4% de los sufragios. \u201c<em><strong>Realiz\u00f3 una gran elecci\u00f3n por lo que nos anima mucho a poder trabajar juntos ya que nos conocemos hace mucho tiempo<\/strong> cuando fue mi alumno en la Facultad de Ciencias Pol\u00edticas (UNCuyo). Esto s<strong>ignifica una enorme renovaci\u00f3n generacional importante para ese departamento y nos anima a pensar que tenemos una agenda mucho m\u00e1s com\u00fan de compartir los grandes temas estructurales del sur provincial<\/strong>. Nos juntaremos ma\u00f1ana seguramente en Mendoza y lo considero muy positivo<\/em>\u201d, expres\u00f3 el Intendente.<\/p>\n<div id=\"attachment_59256\" style=\"width: 231px\" class=\"wp-caption alignright\"><img loading=\"lazy\" decoding=\"async\" aria-describedby=\"caption-attachment-59256\" class=\"wp-image-59256\" src=\"http:\/\/vinasfm.com\/noticias\/wp-content\/uploads\/2019\/09\/70947925_485545148697986_6051564999728431104_n-e1569858056327-250x300.jpg\" alt=\"\" width=\"231\" height=\"277\" srcset=\"https:\/\/vinasfm.com\/noticias\/wp-content\/uploads\/2019\/09\/70947925_485545148697986_6051564999728431104_n-e1569858056327-250x300.jpg 250w, https:\/\/vinasfm.com\/noticias\/wp-content\/uploads\/2019\/09\/70947925_485545148697986_6051564999728431104_n-e1569858056327.jpg 631w\" sizes=\"auto, (max-width: 231px) 100vw, 231px\" \/><p id=\"caption-attachment-59256\" class=\"wp-caption-text\">Intendente Walther Marcolini emitiendo su sufragio en el Colegio San Antonio.<\/p><\/div>\n<p>En cuanto a los resultados que dej\u00f3 la jornada c\u00edvica de ayer, <strong>destac\u00f3 la participaci\u00f3n del 78,45% del padr\u00f3n<\/strong> (<em>29.548 personas que emitieron su sufragio en Alvear<\/em>) y indic\u00f3: \u201c<em><strong>Estamos conformes con la elecci\u00f3n que hemos realizado todos y les deseo a los concejales<\/strong>, <strong>que son todos buenas personas, que ingresan por el Frente Cambiemos a partir de este a\u00f1o, todos los \u00e9xitos en sus labores. Tendremos muchos desaf\u00edos pero tengo muchas expectativas en que el compromiso que tienen con General Alvear se podr\u00e1 logras mucho m\u00e1s<\/strong>\u201d.<\/em><\/p>\n<p><strong>Marcolini<\/strong> celebr\u00f3 el resultado que obtuvo el oficialismo en los <strong>distritos de Bowen <\/strong>y en<strong> Alvear Oeste<\/strong> por \u201c<em>un escaso margen donde no se ganaba desde hac\u00eda mucho pero se ha ganado al fin llen\u00e1ndonos de satisfacci\u00f3n porque <strong>es el reconocimiento de los vecinos en las intervenciones en obras y pol\u00edticas aplicadas en ambos lugares<\/strong>. <strong>El merito es de ambos delegados que han sabido trabajar por sus vecinos con una firme convicci\u00f3n de crecimiento<\/strong><\/em>\u201d.<\/p>\n<div id=\"attachment_59257\" style=\"width: 444px\" class=\"wp-caption aligncenter\"><img loading=\"lazy\" decoding=\"async\" aria-describedby=\"caption-attachment-59257\" class=\"wp-image-59257\" src=\"http:\/\/vinasfm.com\/noticias\/wp-content\/uploads\/2019\/09\/FB_IMG_1569815057411-1-294x300.jpg\" alt=\"\" width=\"444\" height=\"453\" srcset=\"https:\/\/vinasfm.com\/noticias\/wp-content\/uploads\/2019\/09\/FB_IMG_1569815057411-1-294x300.jpg 294w, https:\/\/vinasfm.com\/noticias\/wp-content\/uploads\/2019\/09\/FB_IMG_1569815057411-1.jpg 531w\" sizes=\"auto, (max-width: 444px) 100vw, 444px\" \/><p id=\"caption-attachment-59257\" class=\"wp-caption-text\">A poco de conocerse los primeros resultados, el Intendente celebr\u00f3 junto a su equipo y militantes en la Sede de la UCR.<\/p><\/div>\n<p>\u201c<strong><em>Nuestro compromiso es el agradecimiento a los vecinos mediante el trabajo que seguiremos haciendo por ellos garantiz\u00e1ndoles transparencia, seriedad en el ejercicio de la funci\u00f3n p\u00fablica, con mirada de corto, mediano y largo plazo y poniendo en marcha los procesos que hay que poner<\/em><\/strong>\u201d, resalt\u00f3 el <strong>Intendente Marcolini<\/strong> quien adem\u00e1s asever\u00f3 que \u201c<em><strong>se pondr\u00e1 a consideraci\u00f3n de la ciudadan\u00eda alvearense el plan estrat\u00e9gico departamental con todas las entidades de la sociedad que puedan validarlo, enriquecerlo y criticarlo, que es lo que hace falta para pensar en un futuro mejor<\/strong>\u201d<\/em>.<\/p>\n<h5><em>\u2022Fernando Burett (F.M. Vi\u00f1as).<\/em><\/h5>\n","protected":false},"excerpt":{"rendered":"<p>Luego de la contundente victoria que consigui\u00f3 el Frente Cambia Mendoza- UCR en General Alvear mediante la cual el Lic. Walther &#8230;<\/p>\n","protected":false},"author":8,"featured_media":59253,"comment_status":"open","ping_status":"open","sticky":false,"template":"","format":"standard","meta":{"footnotes":""},"categories":[5,7],"tags":[],"class_list":["post-59251","post","type-post","status-publish","format-standard","has-post-thumbnail","hentry","category-actualidad","category-politica"],"_links":{"self":[{"href":"https:\/\/vinasfm.com\/noticias\/wp-json\/wp\/v2\/posts\/59251","targetHints":{"allow":["GET"]}}],"collection":[{"href":"https:\/\/vinasfm.com\/noticias\/wp-json\/wp\/v2\/posts"}],"about":[{"href":"https:\/\/vinasfm.com\/noticias\/wp-json\/wp\/v2\/types\/post"}],"author":[{"embeddable":true,"href":"https:\/\/vinasfm.com\/noticias\/wp-json\/wp\/v2\/users\/8"}],"replies":[{"embeddable":true,"href":"https:\/\/vinasfm.com\/noticias\/wp-json\/wp\/v2\/comments?post=59251"}],"version-history":[{"count":1,"href":"https:\/\/vinasfm.com\/noticias\/wp-json\/wp\/v2\/posts\/59251\/revisions"}],"predecessor-version":[{"id":59261,"href":"https:\/\/vinasfm.com\/noticias\/wp-json\/wp\/v2\/posts\/59251\/revisions\/59261"}],"wp:featuredmedia":[{"embeddable":true,"href":"https:\/\/vinasfm.com\/noticias\/wp-json\/wp\/v2\/media\/59253"}],"wp:attachment":[{"href":"https:\/\/vinasfm.com\/noticias\/wp-json\/wp\/v2\/media?parent=59251"}],"wp:term":[{"taxonomy":"category","embeddable":true,"href":"https:\/\/vinasfm.com\/noticias\/wp-json\/wp\/v2\/categories?post=59251"},{"taxonomy":"post_tag","embeddable":true,"href":"https:\/\/vinasfm.com\/noticias\/wp-json\/wp\/v2\/tags?post=59251"}],"curies":[{"name":"wp","href":"https:\/\/api.w.org\/{rel}","templated":true}]}}