{"id":59215,"date":"2019-09-30T07:34:27","date_gmt":"2019-09-30T10:34:27","guid":{"rendered":"http:\/\/vinasfm.com\/noticias\/?p=59215"},"modified":"2019-10-01T10:12:13","modified_gmt":"2019-10-01T13:12:13","slug":"robaron-una-bomba-de-agua-en-la-cooperativa-de-real-del-padre","status":"publish","type":"post","link":"https:\/\/vinasfm.com\/noticias\/robaron-una-bomba-de-agua-en-la-cooperativa-de-real-del-padre\/","title":{"rendered":"ROBARON UNA BOMBA DE AGUA EN LA COOPERATIVA DE REAL DEL PADRE"},"content":{"rendered":"<h4><strong>Otro de los hechos delictivos registrados en las \u00faltimas horas tuvo lugar en Real del Padre, m\u00e1s precisamente en una cooperativa cuyo edificio se encuentra en la esquina de calles Los Andes y Belgrano.<\/strong><\/h4>\n<p>De acuerdo a la informaci\u00f3n oficial, <strong>el s\u00e1bado en la tarde<\/strong>, responsables de dicha entidad advirtieron que desconocidos hab\u00edan forzado el candado y tambi\u00e9n la reja del port\u00f3n de acceso a la propiedad. Una vez en el interior, los maleantes cortaron una manguera y <em><strong>se llevaron una bomba centr\u00edfuga de agua<\/strong><\/em>.<\/p>\n<p>Nada se supo de los ladrones, a pesar de rastrillajes realizados por agentes policiales y pericias que estuvieron a cargo de <strong>Polic\u00eda Cient\u00edfica<\/strong>.<\/p>\n<p>Por lo ocurrido se abri\u00f3 una causa caratulada \u201c<strong>Robo<\/strong>\u201d y se asent\u00f3 en la <strong>Comisar\u00eda 26\u00aa de Villa Atuel<\/strong>.<\/p>\n<h5><em>F.B. (F.M. Vi\u00f1as).<\/em><\/h5>\n","protected":false},"excerpt":{"rendered":"<p>Otro de los hechos delictivos registrados en las \u00faltimas horas tuvo lugar en Real del Padre, m\u00e1s precisamente en una cooperativa &#8230;<\/p>\n","protected":false},"author":8,"featured_media":42193,"comment_status":"open","ping_status":"open","sticky":false,"template":"","format":"standard","meta":{"footnotes":""},"categories":[5,4],"tags":[],"class_list":["post-59215","post","type-post","status-publish","format-standard","has-post-thumbnail","hentry","category-actualidad","category-policiales"],"_links":{"self":[{"href":"https:\/\/vinasfm.com\/noticias\/wp-json\/wp\/v2\/posts\/59215","targetHints":{"allow":["GET"]}}],"collection":[{"href":"https:\/\/vinasfm.com\/noticias\/wp-json\/wp\/v2\/posts"}],"about":[{"href":"https:\/\/vinasfm.com\/noticias\/wp-json\/wp\/v2\/types\/post"}],"author":[{"embeddable":true,"href":"https:\/\/vinasfm.com\/noticias\/wp-json\/wp\/v2\/users\/8"}],"replies":[{"embeddable":true,"href":"https:\/\/vinasfm.com\/noticias\/wp-json\/wp\/v2\/comments?post=59215"}],"version-history":[{"count":1,"href":"https:\/\/vinasfm.com\/noticias\/wp-json\/wp\/v2\/posts\/59215\/revisions"}],"predecessor-version":[{"id":59216,"href":"https:\/\/vinasfm.com\/noticias\/wp-json\/wp\/v2\/posts\/59215\/revisions\/59216"}],"wp:featuredmedia":[{"embeddable":true,"href":"https:\/\/vinasfm.com\/noticias\/wp-json\/wp\/v2\/media\/42193"}],"wp:attachment":[{"href":"https:\/\/vinasfm.com\/noticias\/wp-json\/wp\/v2\/media?parent=59215"}],"wp:term":[{"taxonomy":"category","embeddable":true,"href":"https:\/\/vinasfm.com\/noticias\/wp-json\/wp\/v2\/categories?post=59215"},{"taxonomy":"post_tag","embeddable":true,"href":"https:\/\/vinasfm.com\/noticias\/wp-json\/wp\/v2\/tags?post=59215"}],"curies":[{"name":"wp","href":"https:\/\/api.w.org\/{rel}","templated":true}]}}