{"id":59213,"date":"2019-09-30T08:46:12","date_gmt":"2019-09-30T11:46:12","guid":{"rendered":"http:\/\/vinasfm.com\/noticias\/?p=59213"},"modified":"2019-10-01T10:26:27","modified_gmt":"2019-10-01T13:26:27","slug":"suarez-gano-por-amplia-diferencia-y-sera-el-nuevo-gobernador-de-mendoza","status":"publish","type":"post","link":"https:\/\/vinasfm.com\/noticias\/suarez-gano-por-amplia-diferencia-y-sera-el-nuevo-gobernador-de-mendoza\/","title":{"rendered":"SUAREZ GAN\u00d3 POR AMPLIA DIFERENCIA Y SER\u00c1 EL NUEVO GOBERNADOR DE MENDOZA"},"content":{"rendered":"<h4>Rodolfo Suarez, actual intendente de la Ciudad de Mendoza, gobernar\u00e1 la provincia a partir del 10 de diciembre. El representante de Cambia Mendoza, que suceder\u00e1 a Alfredo Cornejo, superaba anoche el 49% de los votos, seguido por Anabel Fern\u00e1ndez Sagasti (frente Eleg\u00ed), que se acercaba al 35% de los sufragios, de acuerdo con datos oficiales. El tercer puesto fue para Jos\u00e9 Luis Ram\u00f3n (Protectora), con el 8%, y en cuarto lugar termin\u00f3 Noelia Barbeito (Frente de Izquierda) con poco m\u00e1s del 3%.<\/h4>\n<h4><strong>Asi fueron los resultados departamento por departamento<\/strong><\/h4>\n<p><a href=\"http:\/\/vinasfm.com\/noticias\/wp-content\/uploads\/2019\/09\/DEPTO-1.png\"><img loading=\"lazy\" decoding=\"async\" class=\"wp-image-59218 aligncenter\" src=\"http:\/\/vinasfm.com\/noticias\/wp-content\/uploads\/2019\/09\/DEPTO-1-300x63.png\" alt=\"\" width=\"862\" height=\"181\" srcset=\"https:\/\/vinasfm.com\/noticias\/wp-content\/uploads\/2019\/09\/DEPTO-1-300x63.png 300w, https:\/\/vinasfm.com\/noticias\/wp-content\/uploads\/2019\/09\/DEPTO-1-768x162.png 768w, https:\/\/vinasfm.com\/noticias\/wp-content\/uploads\/2019\/09\/DEPTO-1.png 777w\" sizes=\"auto, (max-width: 862px) 100vw, 862px\" \/><\/a><\/p>\n<p><a href=\"http:\/\/vinasfm.com\/noticias\/wp-content\/uploads\/2019\/09\/DEPTO-2.png\"><img loading=\"lazy\" decoding=\"async\" class=\"wp-image-59219 aligncenter\" src=\"http:\/\/vinasfm.com\/noticias\/wp-content\/uploads\/2019\/09\/DEPTO-2-300x87.png\" alt=\"\" width=\"859\" height=\"249\" srcset=\"https:\/\/vinasfm.com\/noticias\/wp-content\/uploads\/2019\/09\/DEPTO-2-300x87.png 300w, https:\/\/vinasfm.com\/noticias\/wp-content\/uploads\/2019\/09\/DEPTO-2.png 541w\" sizes=\"auto, (max-width: 859px) 100vw, 859px\" \/><\/a><\/p>\n<h4>Cornejo euf\u00f3rico con el resultado de la elecci\u00f3n<\/h4>\n<p>\u00abCuando est\u00e9n las cifras finales, veremos que ser\u00e1 m\u00e1s del 50%. La diferencia en Mendoza, una provincia que nos enorgullece por una alt\u00edsima alternancia, nunca ha sido de m\u00e1s de 6 o 7 puntos desde el 83 a la fecha, a excepci\u00f3n del 91. Hoy d\u00eda la diferencia ser\u00e1 de 16 o 17 puntos\u00bb, expres\u00f3 el gobernador Alfredo Cornejo.<\/p>\n<p>El mandatario asegur\u00f3 que \u00aba nuestro equipo le genera un doble compromiso porque sabemos, como lo dijimos en la campa\u00f1a, mejor que nadie, que mejoramos mucho la administraci\u00f3n del Estado, pero que falta mucho mucho por mejorar\u201d.<\/p>\n<h4><strong>Suarez, agradecido<\/strong><\/h4>\n<p>El gobernador electo, Rodolfo \u201cRody\u201d Su\u00e1rez, asegur\u00f3 que \u201cCornejo nos deja la vara muy alta\u201d. Relacion\u00f3 la buena gesti\u00f3n del actual mandatario con el resultado de la elecci\u00f3n y sostuvo que \u201ctrabajar\u00e1 comprometidamente para sostener el crecimiento de Mendoza\u201d.<\/p>\n<p>\u201cSomos de lo mejor del pa\u00eds, Argentina necesita m\u00e1s de los mendocinos\u201d, resalt\u00f3 el jefe comunal de la Ciudad de Mendoza. Y remarc\u00f3 \u2013en m\u00e1s de una oportunidad\u2013 \u201cno nos gusta el populismo, es malo. Es bueno gobernar con austeridad\u201d.<\/p>\n<h4><strong>Cambia Mendoza se qued\u00f3 con el Cuarto Distrito<\/strong><\/h4>\n<p>En legisladores, el triunfo era anoche para Cambia Mendoza, que obtuvo m\u00e1s votos que Eleg\u00ed al totalizar los resultados de San Rafael, General Alvear y Malarg\u00fce. Eran casi 2.000 votos los que separaban al radicalismo del justicialismo en las categor\u00edas \u201cSenador Provincial\u201d y \u201cDiputado Provincial\u201d.<\/p>\n<p>De confirmarse los resultados anteriormente descriptos, Cambia Mendoza sumar\u00e1 tres bancas para diputados (Adri\u00e1n Reche, Mar\u00eda Jos\u00e9 Sanz y Gustavo Cairo) y dos le corresponder\u00e1n al frente Eleg\u00ed (Germ\u00e1n G\u00f3mez y Paola Calle). En senadores, dos bancas se llevar\u00e1 Cambia Mendoza (Leonardo Vi\u00f1olo y Cecilia Canizzo) y dos ser\u00e1n para Eleg\u00ed (Mauricio Sat e Hilda Quiroga).<\/p>\n<p><a href=\"http:\/\/vinasfm.com\/noticias\/wp-content\/uploads\/2019\/09\/camaras.png\"><img loading=\"lazy\" decoding=\"async\" class=\"wp-image-59220 aligncenter\" src=\"http:\/\/vinasfm.com\/noticias\/wp-content\/uploads\/2019\/09\/camaras-300x258.png\" alt=\"\" width=\"671\" height=\"577\" srcset=\"https:\/\/vinasfm.com\/noticias\/wp-content\/uploads\/2019\/09\/camaras-300x258.png 300w, https:\/\/vinasfm.com\/noticias\/wp-content\/uploads\/2019\/09\/camaras.png 509w\" sizes=\"auto, (max-width: 671px) 100vw, 671px\" \/><\/a><\/p>\n<h5><em><strong>Fuentes: Diario San Rafael y Los Andes \/ Edici\u00f3n: A.C.<\/strong><\/em><\/h5>\n","protected":false},"excerpt":{"rendered":"<p>Rodolfo Suarez, actual intendente de la Ciudad de Mendoza, gobernar\u00e1 la provincia a partir del 10 de diciembre. El representante de &#8230;<\/p>\n","protected":false},"author":7,"featured_media":59223,"comment_status":"open","ping_status":"open","sticky":false,"template":"","format":"standard","meta":{"footnotes":""},"categories":[5,7],"tags":[],"class_list":["post-59213","post","type-post","status-publish","format-standard","has-post-thumbnail","hentry","category-actualidad","category-politica"],"_links":{"self":[{"href":"https:\/\/vinasfm.com\/noticias\/wp-json\/wp\/v2\/posts\/59213","targetHints":{"allow":["GET"]}}],"collection":[{"href":"https:\/\/vinasfm.com\/noticias\/wp-json\/wp\/v2\/posts"}],"about":[{"href":"https:\/\/vinasfm.com\/noticias\/wp-json\/wp\/v2\/types\/post"}],"author":[{"embeddable":true,"href":"https:\/\/vinasfm.com\/noticias\/wp-json\/wp\/v2\/users\/7"}],"replies":[{"embeddable":true,"href":"https:\/\/vinasfm.com\/noticias\/wp-json\/wp\/v2\/comments?post=59213"}],"version-history":[{"count":1,"href":"https:\/\/vinasfm.com\/noticias\/wp-json\/wp\/v2\/posts\/59213\/revisions"}],"predecessor-version":[{"id":59224,"href":"https:\/\/vinasfm.com\/noticias\/wp-json\/wp\/v2\/posts\/59213\/revisions\/59224"}],"wp:featuredmedia":[{"embeddable":true,"href":"https:\/\/vinasfm.com\/noticias\/wp-json\/wp\/v2\/media\/59223"}],"wp:attachment":[{"href":"https:\/\/vinasfm.com\/noticias\/wp-json\/wp\/v2\/media?parent=59213"}],"wp:term":[{"taxonomy":"category","embeddable":true,"href":"https:\/\/vinasfm.com\/noticias\/wp-json\/wp\/v2\/categories?post=59213"},{"taxonomy":"post_tag","embeddable":true,"href":"https:\/\/vinasfm.com\/noticias\/wp-json\/wp\/v2\/tags?post=59213"}],"curies":[{"name":"wp","href":"https:\/\/api.w.org\/{rel}","templated":true}]}}