{"id":59212,"date":"2019-09-30T06:31:11","date_gmt":"2019-09-30T09:31:11","guid":{"rendered":"http:\/\/vinasfm.com\/noticias\/?p=59212"},"modified":"2019-10-01T10:10:43","modified_gmt":"2019-10-01T13:10:43","slug":"se-ausento-de-su-vivienda-y-le-robaron-prendas-de-vestir-y-electrodomesticos","status":"publish","type":"post","link":"https:\/\/vinasfm.com\/noticias\/se-ausento-de-su-vivienda-y-le-robaron-prendas-de-vestir-y-electrodomesticos\/","title":{"rendered":"SE AUSENT\u00d3 DE SU VIVIENDA Y LE ROBARON PRENDAS DE VESTIR Y ELECTRODOM\u00c9STICOS"},"content":{"rendered":"<h4><strong>En horas de la ma\u00f1ana de este s\u00e1bado una vivienda ubicada en la primera cuadra del pasaje Berg\u00f3s fue escenario de un robo en ausencia de sus mnoradores.<\/strong><\/h4>\n<p>Seg\u00fan se\u00f1al\u00f3 la v\u00edctima, <strong>se hab\u00eda retirado el viernes a las 18:30h<\/strong> dejando la propiedad con medidas de seguridad y <strong>al arribar este s\u00e1bado cerca de las 11:40h<\/strong> constat\u00f3 que autores ignorados, previo <strong>da\u00f1ar la puerta reja de ingreso<\/strong>, sustrajeron <strong><em>ropas<\/em><\/strong> y <strong><em>calzados varios<\/em><\/strong>, <strong><em>elementos de electr\u00f3nica<\/em><\/strong> y <strong><em>electrodom\u00e9sticos<\/em><\/strong>.<\/p>\n<p>Se labraron actuaciones en \u201c<strong>Averiguaci\u00f3n Robo<\/strong>\u201d bajo instrucci\u00f3n de la Unidad Fiscal de Comisar\u00eda 14\u00b0.<\/p>\n<h5><em>F.B. (F.M. Vi\u00f1as).<\/em><\/h5>\n","protected":false},"excerpt":{"rendered":"<p>En horas de la ma\u00f1ana de este s\u00e1bado una vivienda ubicada en la primera cuadra del pasaje Berg\u00f3s fue escenario de &#8230;<\/p>\n","protected":false},"author":8,"featured_media":55306,"comment_status":"open","ping_status":"open","sticky":false,"template":"","format":"standard","meta":{"footnotes":""},"categories":[5,4],"tags":[],"class_list":["post-59212","post","type-post","status-publish","format-standard","has-post-thumbnail","hentry","category-actualidad","category-policiales"],"_links":{"self":[{"href":"https:\/\/vinasfm.com\/noticias\/wp-json\/wp\/v2\/posts\/59212","targetHints":{"allow":["GET"]}}],"collection":[{"href":"https:\/\/vinasfm.com\/noticias\/wp-json\/wp\/v2\/posts"}],"about":[{"href":"https:\/\/vinasfm.com\/noticias\/wp-json\/wp\/v2\/types\/post"}],"author":[{"embeddable":true,"href":"https:\/\/vinasfm.com\/noticias\/wp-json\/wp\/v2\/users\/8"}],"replies":[{"embeddable":true,"href":"https:\/\/vinasfm.com\/noticias\/wp-json\/wp\/v2\/comments?post=59212"}],"version-history":[{"count":1,"href":"https:\/\/vinasfm.com\/noticias\/wp-json\/wp\/v2\/posts\/59212\/revisions"}],"predecessor-version":[{"id":59214,"href":"https:\/\/vinasfm.com\/noticias\/wp-json\/wp\/v2\/posts\/59212\/revisions\/59214"}],"wp:featuredmedia":[{"embeddable":true,"href":"https:\/\/vinasfm.com\/noticias\/wp-json\/wp\/v2\/media\/55306"}],"wp:attachment":[{"href":"https:\/\/vinasfm.com\/noticias\/wp-json\/wp\/v2\/media?parent=59212"}],"wp:term":[{"taxonomy":"category","embeddable":true,"href":"https:\/\/vinasfm.com\/noticias\/wp-json\/wp\/v2\/categories?post=59212"},{"taxonomy":"post_tag","embeddable":true,"href":"https:\/\/vinasfm.com\/noticias\/wp-json\/wp\/v2\/tags?post=59212"}],"curies":[{"name":"wp","href":"https:\/\/api.w.org\/{rel}","templated":true}]}}