{"id":59121,"date":"2019-09-27T09:15:42","date_gmt":"2019-09-27T12:15:42","guid":{"rendered":"http:\/\/vinasfm.com\/noticias\/?p=59121"},"modified":"2019-09-30T08:52:14","modified_gmt":"2019-09-30T11:52:14","slug":"el-intendente-marcolini-cerro-su-campana-en-f-m-vinas-tengo-esperanza-que-el-domingo-los-alvearenses-evaluaran-lo-hecho-y-tambien-a-donde-queremos-ir","status":"publish","type":"post","link":"https:\/\/vinasfm.com\/noticias\/el-intendente-marcolini-cerro-su-campana-en-f-m-vinas-tengo-esperanza-que-el-domingo-los-alvearenses-evaluaran-lo-hecho-y-tambien-a-donde-queremos-ir\/","title":{"rendered":"EL INTENDENTE MARCOLINI CERR\u00d3 SU CAMPA\u00d1A EN F.M. VI\u00d1AS: \u201cTENGO ESPERANZA QUE EL DOMINGO LOS ALVEARENSES EVALUAR\u00c1N LO HECHO Y TAMBI\u00c9N A D\u00d3NDE QUEREMOS IR\u201d"},"content":{"rendered":"<h4><strong>El Intendente Municipal, Lic. Walther Marcolini, cerr\u00f3 la campa\u00f1a 2019 en F.M. Vi\u00f1as este jueves realizando un balance de lo que dej\u00f3 el proceso previo a las Elecciones del pr\u00f3ximo domingo 29. <\/strong><\/h4>\n<h5><strong><em>Frase destacada: \u201cEse estado presente, ordenado y austero le ha garantizado la seguridad a los vecinos que pagan las tasas municipales y ven que son bien invertidas en General Alvear\u201d.<\/em><\/strong><\/h5>\n<p><strong>Walther Marcolini<\/strong>, quien conduce los destinos de General Alvear desde 2015, tras ganarle la pulseada a Juan Carlos De Paolo (2003-2015), asegur\u00f3 que le \u201c<strong><em>hubiera gustado ver una campa\u00f1a distinta, a la altura de poder debatir un proyecto de departamento con ideas y proyecciones. Se ha terminado mal y me preocupa porque<\/em><\/strong><em> <strong>ha sido amenazada la Directora de Cultura <\/strong>(<strong>Liana Piedrafita<\/strong>) <strong>a trav\u00e9s de un mensaje intimidatorio que le dejaron en su domicilio particular en Bowen por lo que est\u00e1 trabajando Polic\u00eda Cient\u00edfica<\/strong>\u201d.<\/em><\/p>\n<p>\u201c<strong><em>No es la forma en tiempos de democracia<\/em><\/strong><em>, despu\u00e9s de lo que nos cost\u00f3 conseguirla y consolidarla, donde estos procesos tienen que ser de tranquilidad y la sociedad debe dirimir claramente en funci\u00f3n de proyectos, ideas y antecedentes por eso <strong>abogo para que se tranquilicen porque no es el camino de construcci\u00f3n de Alvear<\/strong>. <strong>Con mi equipo garantizamos hombr\u00eda de bien, honestidad, transparencia en el manejo de los recursos p\u00fablicos, cero corrupci\u00f3n porque no hay una sola denuncia<\/strong>\u201d, <\/em>asever\u00f3 Marcolini.<\/p>\n<p><em>\u201cSabemos que somos servidores p\u00fablicos, <strong>hay cosas que salieron y otras que no pero somos gente de bien<\/strong> y en ese plano de igualdad queremos que sean las campa\u00f1as electorales y que sea <strong>el destino de nuestro Alvear<\/strong>: <strong>sin droga<\/strong>, <strong>sin mafiosos que creen que tienen derecho a asustar a la poblaci\u00f3n<\/strong>, <strong>generar p\u00e1nico creando estados ca\u00f3ticos previo a los procesos electorales<\/strong>, <strong>sin mafiosos que transiten libremente en la sociedad<\/strong>. <strong>Pensamos en nuestro agricultores<\/strong>, <strong>empresarios<\/strong>, <strong>emprendedores<\/strong>, <strong>comerciantes<\/strong> y <strong>trabajadores vivan tranquilos acorde a lo que la gente de bien desee<\/strong>\u201d, <\/em>expres\u00f3 el Intendente.<\/p>\n<p>Asimismo el <strong>Jefe Comunal <\/strong>puntualiz\u00f3: <em>\u201cNuestra <strong>propuesta de gobierno<\/strong> es: <strong>profundizar lo que se ha hecho como la obra p\u00fablica puesta al servicio de mejorarle la calidad de vida a los vecinos<\/strong>; <strong>estar en cada uno de los barrios<\/strong> presentes donde la poblaci\u00f3n necesita que sus demandas sean escuchadas; <strong>avanzar con los servicios<\/strong> centrales como el <strong>agua potable<\/strong>, <strong>las cloacas<\/strong>, <strong>la electricidad<\/strong> y el <strong>gas natural<\/strong>\u201d.<\/em><\/p>\n<p>Respecto al <strong>parque automotor<\/strong>, destac\u00f3 que se encuentra<em> \u201c<strong>renovado y funcional a las necesidades que tiene el municipio para brindar los mejores servicios en cada \u00e1rea<\/strong>. Conseguimos que el Ministerio de Desarrollo Social de la Naci\u00f3n nos donara un cami\u00f3n atmosf\u00e9rico y hoy est\u00e1n al d\u00eda. La maquinaria pesada es otro ejemplo que con aquellos cr\u00e9ditos de devoluci\u00f3n del 15% de la Anses se han utilizado solo para bienes de capital <strong>permitiendo que en cada distrito destinemos un cami\u00f3n cero kilometro<\/strong>, antes nunca visto en la historia. Otro ejemplo es la motoniveladora nueva para el campo dependiendo de Vialidad Provincial y del Gobierno de la Provincia\u201d.<\/em><\/p>\n<h5><em>F.B. (F.M. Vi\u00f1as).<\/em><\/h5>\n","protected":false},"excerpt":{"rendered":"<p>El Intendente Municipal, Lic. Walther Marcolini, cerr\u00f3 la campa\u00f1a 2019 en F.M. Vi\u00f1as este jueves realizando un balance de lo que &#8230;<\/p>\n","protected":false},"author":8,"featured_media":58915,"comment_status":"open","ping_status":"open","sticky":false,"template":"","format":"standard","meta":{"footnotes":""},"categories":[5,7],"tags":[],"class_list":["post-59121","post","type-post","status-publish","format-standard","has-post-thumbnail","hentry","category-actualidad","category-politica"],"_links":{"self":[{"href":"https:\/\/vinasfm.com\/noticias\/wp-json\/wp\/v2\/posts\/59121","targetHints":{"allow":["GET"]}}],"collection":[{"href":"https:\/\/vinasfm.com\/noticias\/wp-json\/wp\/v2\/posts"}],"about":[{"href":"https:\/\/vinasfm.com\/noticias\/wp-json\/wp\/v2\/types\/post"}],"author":[{"embeddable":true,"href":"https:\/\/vinasfm.com\/noticias\/wp-json\/wp\/v2\/users\/8"}],"replies":[{"embeddable":true,"href":"https:\/\/vinasfm.com\/noticias\/wp-json\/wp\/v2\/comments?post=59121"}],"version-history":[{"count":2,"href":"https:\/\/vinasfm.com\/noticias\/wp-json\/wp\/v2\/posts\/59121\/revisions"}],"predecessor-version":[{"id":59127,"href":"https:\/\/vinasfm.com\/noticias\/wp-json\/wp\/v2\/posts\/59121\/revisions\/59127"}],"wp:featuredmedia":[{"embeddable":true,"href":"https:\/\/vinasfm.com\/noticias\/wp-json\/wp\/v2\/media\/58915"}],"wp:attachment":[{"href":"https:\/\/vinasfm.com\/noticias\/wp-json\/wp\/v2\/media?parent=59121"}],"wp:term":[{"taxonomy":"category","embeddable":true,"href":"https:\/\/vinasfm.com\/noticias\/wp-json\/wp\/v2\/categories?post=59121"},{"taxonomy":"post_tag","embeddable":true,"href":"https:\/\/vinasfm.com\/noticias\/wp-json\/wp\/v2\/tags?post=59121"}],"curies":[{"name":"wp","href":"https:\/\/api.w.org\/{rel}","templated":true}]}}