{"id":59089,"date":"2019-09-26T10:35:37","date_gmt":"2019-09-26T13:35:37","guid":{"rendered":"http:\/\/vinasfm.com\/noticias\/?p=59089"},"modified":"2019-09-27T10:22:45","modified_gmt":"2019-09-27T13:22:45","slug":"detuvieron-a-una-mujer-que-transportaba-cocaina-de-alvear-a-catriel","status":"publish","type":"post","link":"https:\/\/vinasfm.com\/noticias\/detuvieron-a-una-mujer-que-transportaba-cocaina-de-alvear-a-catriel\/","title":{"rendered":"DETUVIERON A UNA MUJER QUE TRANSPORTABA COCA\u00cdNA DE ALVEAR A CATRIEL"},"content":{"rendered":"<h4><strong>Personal de la Divisi\u00f3n Lucha Contra el Narcotr\u00e1fico de Gral. Alvear en horas de la tarde de este martes procedi\u00f3 al secuestro de 1\/2 kilo de coca\u00edna y a la detenci\u00f3n de una mujer de 27 a\u00f1os que la transportaba en una mochila con destino a Catriel.<\/strong><\/h4>\n<p>En el marco de las pol\u00edticas de seguridad implementadas por la <strong>Direcci\u00f3n de Lucha Contra el Narcotr\u00e1fico de la Polic\u00eda de Mendoza<\/strong>, se implementan diferentes operativos en la modalidad de puesto fijo en los ingresos de la provincia. Por lo cual en <strong>el martes 24 de septiembre<\/strong>, personal de la <strong>Divisi\u00f3n Alvear<\/strong> a cargo del <strong>Sub Comisario Coria<\/strong> procedi\u00f3 a controlar un colectivo de la empresa <strong>Andesmar<\/strong> que se dirig\u00eda desde Alvear hacia la localidad de <strong>Catriel<\/strong>.<\/p>\n<div id=\"attachment_59091\" style=\"width: 300px\" class=\"wp-caption alignleft\"><img loading=\"lazy\" decoding=\"async\" aria-describedby=\"caption-attachment-59091\" class=\"wp-image-59091 size-medium\" src=\"http:\/\/vinasfm.com\/noticias\/wp-content\/uploads\/2019\/09\/b2271b69-786a-4e36-9cab-dcd9b43a3c95-300x225.jpg\" alt=\"\" width=\"300\" height=\"225\" srcset=\"https:\/\/vinasfm.com\/noticias\/wp-content\/uploads\/2019\/09\/b2271b69-786a-4e36-9cab-dcd9b43a3c95-300x225.jpg 300w, https:\/\/vinasfm.com\/noticias\/wp-content\/uploads\/2019\/09\/b2271b69-786a-4e36-9cab-dcd9b43a3c95-768x576.jpg 768w, https:\/\/vinasfm.com\/noticias\/wp-content\/uploads\/2019\/09\/b2271b69-786a-4e36-9cab-dcd9b43a3c95-1024x768.jpg 1024w, https:\/\/vinasfm.com\/noticias\/wp-content\/uploads\/2019\/09\/b2271b69-786a-4e36-9cab-dcd9b43a3c95.jpg 1032w\" sizes=\"auto, (max-width: 300px) 100vw, 300px\" \/><p id=\"caption-attachment-59091\" class=\"wp-caption-text\">Personal policial procedi\u00f3 a la detenci\u00f3n de la mujer que trasportaba coca\u00edna.<\/p><\/div>\n<p>Al momento de realizar el control de los pasajeros y de sus equipajes, <strong>se detect\u00f3 que en la mochila de una ciudadana<\/strong> (<strong>27<\/strong>), oriunda de nuestro departamento, <strong>transportaba medio kilo de coca\u00edna de m\u00e1xima pureza<\/strong>.<\/p>\n<p>Ante esto se le dio conocimiento al <strong>Juzgado Federal<\/strong> y a la <strong>Fiscal\u00eda Federal<\/strong> quienes impartieron directivas al respecto y se procedi\u00f3 a la inmediata detenci\u00f3n de la propietaria de la mochila.<\/p>\n<p>Es imputada por Transporte de Estupefacientes (Art. 5to Inc. C de la Ley 23.737) por lo que se encuentra detenida junto al secuestro y puesta a disposici\u00f3n del Juzgado a cargo del <strong>Dr. Eduardo Puigdengolas<\/strong>.<\/p>\n<h5><em>F.B. (F.M. Vi\u00f1as).<\/em><\/h5>\n","protected":false},"excerpt":{"rendered":"<p>Personal de la Divisi\u00f3n Lucha Contra el Narcotr\u00e1fico de Gral. Alvear en horas de la tarde de este martes procedi\u00f3 al &#8230;<\/p>\n","protected":false},"author":8,"featured_media":59090,"comment_status":"open","ping_status":"open","sticky":false,"template":"","format":"standard","meta":{"footnotes":""},"categories":[5,4],"tags":[],"class_list":["post-59089","post","type-post","status-publish","format-standard","has-post-thumbnail","hentry","category-actualidad","category-policiales"],"_links":{"self":[{"href":"https:\/\/vinasfm.com\/noticias\/wp-json\/wp\/v2\/posts\/59089","targetHints":{"allow":["GET"]}}],"collection":[{"href":"https:\/\/vinasfm.com\/noticias\/wp-json\/wp\/v2\/posts"}],"about":[{"href":"https:\/\/vinasfm.com\/noticias\/wp-json\/wp\/v2\/types\/post"}],"author":[{"embeddable":true,"href":"https:\/\/vinasfm.com\/noticias\/wp-json\/wp\/v2\/users\/8"}],"replies":[{"embeddable":true,"href":"https:\/\/vinasfm.com\/noticias\/wp-json\/wp\/v2\/comments?post=59089"}],"version-history":[{"count":1,"href":"https:\/\/vinasfm.com\/noticias\/wp-json\/wp\/v2\/posts\/59089\/revisions"}],"predecessor-version":[{"id":59092,"href":"https:\/\/vinasfm.com\/noticias\/wp-json\/wp\/v2\/posts\/59089\/revisions\/59092"}],"wp:featuredmedia":[{"embeddable":true,"href":"https:\/\/vinasfm.com\/noticias\/wp-json\/wp\/v2\/media\/59090"}],"wp:attachment":[{"href":"https:\/\/vinasfm.com\/noticias\/wp-json\/wp\/v2\/media?parent=59089"}],"wp:term":[{"taxonomy":"category","embeddable":true,"href":"https:\/\/vinasfm.com\/noticias\/wp-json\/wp\/v2\/categories?post=59089"},{"taxonomy":"post_tag","embeddable":true,"href":"https:\/\/vinasfm.com\/noticias\/wp-json\/wp\/v2\/tags?post=59089"}],"curies":[{"name":"wp","href":"https:\/\/api.w.org\/{rel}","templated":true}]}}