{"id":59064,"date":"2019-09-26T10:35:40","date_gmt":"2019-09-26T13:35:40","guid":{"rendered":"http:\/\/vinasfm.com\/noticias\/?p=59064"},"modified":"2019-09-27T10:24:19","modified_gmt":"2019-09-27T13:24:19","slug":"gendarmeria-secuestro-marihuana-y-cocaina-en-un-colectivo-con-destino-a-bowen","status":"publish","type":"post","link":"https:\/\/vinasfm.com\/noticias\/gendarmeria-secuestro-marihuana-y-cocaina-en-un-colectivo-con-destino-a-bowen\/","title":{"rendered":"GENDARMER\u00cdA SECUESTR\u00d3 MARIHUANA Y COCA\u00cdNA EN UN COLECTIVO CON DESTINO A BOWEN"},"content":{"rendered":"<h4 style=\"font-weight: 400;\"><strong>Este martes, los gendarmes controlaron un \u00f3mnibus procedente de la capital mendocina que se dirig\u00eda hacia la ciudad de Bowen. Durante la inspecci\u00f3n hallaron en el sector del portaequipaje una bolsa y una mochila con \u201cladrillos\u201d con estupefaciente.<\/strong><\/h4>\n<p style=\"font-weight: 400;\"><strong>Gendarmer\u00eda Nacional,<\/strong>\u00a0en el marco de la lucha contra el narcotr\u00e1fico llevada adelante por el Ministerio de Seguridad de la Naci\u00f3n,\u00a0<strong>decomis\u00f3 460 gramos de coca\u00edna y 2,4 kilos de marihuana. <\/strong>El procedimiento se desarroll\u00f3 en la intersecci\u00f3n de las <strong>Rutas Nacionales N\u00b0 143 y 40.<\/strong><\/p>\n<p><img loading=\"lazy\" decoding=\"async\" class=\"wp-image-59069 alignleft\" src=\"http:\/\/vinasfm.com\/noticias\/wp-content\/uploads\/2019\/09\/Mendoza-2-e1569498245424-233x300.jpeg\" alt=\"\" width=\"178\" height=\"229\" srcset=\"https:\/\/vinasfm.com\/noticias\/wp-content\/uploads\/2019\/09\/Mendoza-2-e1569498245424-233x300.jpeg 233w, https:\/\/vinasfm.com\/noticias\/wp-content\/uploads\/2019\/09\/Mendoza-2-e1569498245424.jpeg 620w\" sizes=\"auto, (max-width: 178px) 100vw, 178px\" \/><\/p>\n<p style=\"font-weight: 400;\">El operativo de control estuvo a cargo de los<span style=\"font-weight: 400;\"> efectivos de la\u00a0<strong>Secci\u00f3n \u201cPareditas\u201d\u00a0<\/strong>dependiente del<strong>\u00a0Escuadr\u00f3n 28 \u201cTunuy\u00e1n\u201d<\/strong> y luego de requisar un \u00f3mnibus de pasajeros, <strong>los gendarmes<\/strong>\u00a0hallaron en el\u00a0<strong>sector del portaequipaje una bolsa y una mochila que conten\u00eda paquetes rectangulares.<\/strong>\u00a0Tras ser sometidos a las pruebas de orientaci\u00f3n arrojaron positivo\u00a0<strong>coca\u00edna y marihuana.<\/strong><\/span><\/p>\n<p style=\"font-weight: 400;\">Intervino en el caso el Juzgado Federal N\u00ba 3 a cargo del Dr. Marcelo F. Garnica, Secretar\u00eda Penal \u201cE\u201d a cargo de la Dra. Ivana Aramendi, quien orient\u00f3 secuestrar la droga y continuar con las averiguaciones para determinar el propietario de los elementos.<\/p>\n<h5><em>\u2022Fernando Burett ( F.M. Vi\u00f1as).<\/em><\/h5>\n","protected":false},"excerpt":{"rendered":"<p>Este martes, los gendarmes controlaron un \u00f3mnibus procedente de la capital mendocina que se dirig\u00eda hacia la ciudad de Bowen. Durante &#8230;<\/p>\n","protected":false},"author":8,"featured_media":59065,"comment_status":"open","ping_status":"open","sticky":false,"template":"","format":"standard","meta":{"footnotes":""},"categories":[5,4],"tags":[],"class_list":["post-59064","post","type-post","status-publish","format-standard","has-post-thumbnail","hentry","category-actualidad","category-policiales"],"_links":{"self":[{"href":"https:\/\/vinasfm.com\/noticias\/wp-json\/wp\/v2\/posts\/59064","targetHints":{"allow":["GET"]}}],"collection":[{"href":"https:\/\/vinasfm.com\/noticias\/wp-json\/wp\/v2\/posts"}],"about":[{"href":"https:\/\/vinasfm.com\/noticias\/wp-json\/wp\/v2\/types\/post"}],"author":[{"embeddable":true,"href":"https:\/\/vinasfm.com\/noticias\/wp-json\/wp\/v2\/users\/8"}],"replies":[{"embeddable":true,"href":"https:\/\/vinasfm.com\/noticias\/wp-json\/wp\/v2\/comments?post=59064"}],"version-history":[{"count":2,"href":"https:\/\/vinasfm.com\/noticias\/wp-json\/wp\/v2\/posts\/59064\/revisions"}],"predecessor-version":[{"id":59094,"href":"https:\/\/vinasfm.com\/noticias\/wp-json\/wp\/v2\/posts\/59064\/revisions\/59094"}],"wp:featuredmedia":[{"embeddable":true,"href":"https:\/\/vinasfm.com\/noticias\/wp-json\/wp\/v2\/media\/59065"}],"wp:attachment":[{"href":"https:\/\/vinasfm.com\/noticias\/wp-json\/wp\/v2\/media?parent=59064"}],"wp:term":[{"taxonomy":"category","embeddable":true,"href":"https:\/\/vinasfm.com\/noticias\/wp-json\/wp\/v2\/categories?post=59064"},{"taxonomy":"post_tag","embeddable":true,"href":"https:\/\/vinasfm.com\/noticias\/wp-json\/wp\/v2\/tags?post=59064"}],"curies":[{"name":"wp","href":"https:\/\/api.w.org\/{rel}","templated":true}]}}