{"id":58952,"date":"2019-09-24T10:00:01","date_gmt":"2019-09-24T13:00:01","guid":{"rendered":"http:\/\/vinasfm.com\/noticias\/?p=58952"},"modified":"2019-09-25T10:23:16","modified_gmt":"2019-09-25T13:23:16","slug":"comenzo-a-construirse-la-casa-de-gendarmeria-en-alvear","status":"publish","type":"post","link":"https:\/\/vinasfm.com\/noticias\/comenzo-a-construirse-la-casa-de-gendarmeria-en-alvear\/","title":{"rendered":"COMENZ\u00d3 A CONSTRUIRSE LA CASA DE GENDARMER\u00cdA EN ALVEAR"},"content":{"rendered":"<h4><strong>Por iniciativa del Intendente Walther Marcolini se est\u00e1 ejecutando esta obra por licitaci\u00f3n y con fondos municipales.<\/strong><\/h4>\n<p><em>\u201cPor tratarse de <strong>Gendarmer\u00eda Nacional,<\/strong> la<strong> Provincia<\/strong> no hace aportes y en estos momentos la Naci\u00f3n no dispon\u00eda de fondos\u201d<\/em> explic\u00f3 <strong>el Secretario de Obras y Servicios P\u00fablicos V\u00edctor \u00c1lvarez<\/strong> y a\u00f1adi\u00f3 <em>\u201cSe trata de una necesidad dado que actualmente los gendarmes se alojan en una vivienda precaria, alquilada, ubicada en Alvear Oeste\u201d.<\/em><\/p>\n<p><em>\u201cA ra\u00edz de la problem\u00e1tica de seguridad se tom\u00f3 la iniciativa de hacer esta dependencia para que los gendarmes que trabajan en nuestro Departamento tengan un lugar f\u00edsico confortable y adecuado para hacer las tareas de seguridad que le corresponde a la Gendarmer\u00eda Nacional\u201d.<\/em><\/p>\n<p><strong>La nueva casa de la Gendarmer\u00eda se encuentra emplaza en un lugar estrat\u00e9gico, en Ruta Nacional 188, va a contar con servicio de agua potable y luz.<\/strong><\/p>\n<p>Contar\u00e1 con un espacio cerrado de 130m2, m\u00e1s 30m2 de alero<strong>. All\u00ed van a poder vivir doce personas aproximadamente<\/strong>. <strong>Habr\u00e1 un dormitorio con ba\u00f1o para damas y otro para masculinos, un ba\u00f1o, una cocina comedor, una oficina, una sala de estar y una sala de armas, siendo \u00e9ste un requisito importante porque debe cumplir con normas de seguridad. Tambi\u00e9n habr\u00e1 una cochera con espacio suficiente para guardado de veh\u00edculos secuestrados, adem\u00e1s de la movilidad de Gendarmer\u00eda.<\/strong><\/p>\n<p>\u201cPara que esto sea posible, <strong>el Municipio compr\u00f3 un terreno 1000m2,<\/strong> donde se hizo el plano de mensura de la casa. La <strong>obra se ejecuta por licitaci\u00f3n, por un valor de 2.905.000 pesos,<\/strong> mediante construcci\u00f3n en seco, con un plazo de realizaci\u00f3n de dos meses\u201d confirm\u00f3 <strong>V\u00edctor \u00c1lvarez.<\/strong><\/p>\n<h5><em>R.B (F.M. Vi\u00f1as).<\/em><\/h5>\n","protected":false},"excerpt":{"rendered":"<p>Por iniciativa del Intendente Walther Marcolini se est\u00e1 ejecutando esta obra por licitaci\u00f3n y con fondos municipales. \u201cPor tratarse de Gendarmer\u00eda &#8230;<\/p>\n","protected":false},"author":8,"featured_media":58953,"comment_status":"open","ping_status":"open","sticky":false,"template":"","format":"standard","meta":{"footnotes":""},"categories":[5,29],"tags":[],"class_list":["post-58952","post","type-post","status-publish","format-standard","has-post-thumbnail","hentry","category-actualidad","category-obras-y-servicios"],"_links":{"self":[{"href":"https:\/\/vinasfm.com\/noticias\/wp-json\/wp\/v2\/posts\/58952","targetHints":{"allow":["GET"]}}],"collection":[{"href":"https:\/\/vinasfm.com\/noticias\/wp-json\/wp\/v2\/posts"}],"about":[{"href":"https:\/\/vinasfm.com\/noticias\/wp-json\/wp\/v2\/types\/post"}],"author":[{"embeddable":true,"href":"https:\/\/vinasfm.com\/noticias\/wp-json\/wp\/v2\/users\/8"}],"replies":[{"embeddable":true,"href":"https:\/\/vinasfm.com\/noticias\/wp-json\/wp\/v2\/comments?post=58952"}],"version-history":[{"count":2,"href":"https:\/\/vinasfm.com\/noticias\/wp-json\/wp\/v2\/posts\/58952\/revisions"}],"predecessor-version":[{"id":58958,"href":"https:\/\/vinasfm.com\/noticias\/wp-json\/wp\/v2\/posts\/58952\/revisions\/58958"}],"wp:featuredmedia":[{"embeddable":true,"href":"https:\/\/vinasfm.com\/noticias\/wp-json\/wp\/v2\/media\/58953"}],"wp:attachment":[{"href":"https:\/\/vinasfm.com\/noticias\/wp-json\/wp\/v2\/media?parent=58952"}],"wp:term":[{"taxonomy":"category","embeddable":true,"href":"https:\/\/vinasfm.com\/noticias\/wp-json\/wp\/v2\/categories?post=58952"},{"taxonomy":"post_tag","embeddable":true,"href":"https:\/\/vinasfm.com\/noticias\/wp-json\/wp\/v2\/tags?post=58952"}],"curies":[{"name":"wp","href":"https:\/\/api.w.org\/{rel}","templated":true}]}}