{"id":58887,"date":"2019-09-21T12:47:31","date_gmt":"2019-09-21T15:47:31","guid":{"rendered":"http:\/\/vinasfm.com\/noticias\/?p=58887"},"modified":"2019-09-21T12:47:31","modified_gmt":"2019-09-21T15:47:31","slug":"el-ejecutivo-promulgo-las-modificaciones-de-la-ley-de-seguridad-de-transito-vial","status":"publish","type":"post","link":"https:\/\/vinasfm.com\/noticias\/el-ejecutivo-promulgo-las-modificaciones-de-la-ley-de-seguridad-de-transito-vial\/","title":{"rendered":"EL EJECUTIVO PROMULG\u00d3 LAS MODIFICACIONES DE LA LEY DE SEGURIDAD DE TR\u00c1NSITO VIAL"},"content":{"rendered":"<h4><strong>El objetivo es incrementar las penas para las personas que conduzcan alcoholizadas. A trav\u00e9s del Decreto N\u00b0 2120 publicado hoy en el Bolet\u00edn Oficial, el Gobernador anunci\u00f3 la aprobaci\u00f3n de la Ley N\u00b0 9185 que modifica art\u00edculos de la Ley Provincial de Seguridad Vial (9024) y del C\u00f3digo Contravencional (9099).<\/strong><\/h4>\n<p>El <strong>27 de agosto<\/strong> de este a\u00f1o el <strong>Senado provincial<\/strong> <strong>aprob\u00f3 el proyecto de ley<\/strong> que busca <strong>incrementar las penas para las personas que conduzcan alcoholizadas<\/strong>. En este sentido, este viernes se public\u00f3 en el <strong>Bolet\u00edn Oficial de Mendoza<\/strong> el <strong>Decreto N\u00b02120<\/strong> donde el <strong>Gobernador Alfredo Cornejo<\/strong> establece que se apruebe \u201c<strong><em>la reglamentaci\u00f3n de los art\u00edculos de la Ley Provincial N\u00b0 9024 de Seguridad Vial y de la Ley n\u00b09099 del C\u00f3digo de Contravenciones,\u00a0 modificados por la Ley N\u00b0 9185<\/em><\/strong>\u201d.<\/p>\n<p><strong>LA REGLAMENTACI\u00d3N<\/strong><\/p>\n<p>La <strong>Ley N\u00b09185<\/strong> establece <strong>modificaciones exclusivas respecto de las sanciones que corresponde aplicar a aquellos conductores en estado de intoxicaci\u00f3n alcoh\u00f3lica<\/strong>. El <strong>objetivo<\/strong> fundamental de esta nueva regulaci\u00f3n es \u201c<strong><em>concientizar a todos aquellos conductores endureciendo estas sanciones<\/em><\/strong>\u201d.<\/p>\n<p>Para establecer la nueva reglamentaci\u00f3n, se modificaron los <strong>art\u00edculos 40 inciso f<\/strong>; <strong>52 inciso 8<\/strong>; <strong>86 bis<\/strong> y <strong>99 bis<\/strong> de la <strong>Ley n\u00ba 9024<\/strong>; junto al <strong>art\u00edculo 67 bis<\/strong> de la <strong>Ley n\u00b0 9099<\/strong>.<\/p>\n<p>El decreto tambi\u00e9n indica que la regulaci\u00f3n entra en vigencia \u201cal d\u00eda siguiente de su publicaci\u00f3n en el Bolet\u00edn Oficial\u201d, es decir desde las 0 horas\u00a0 del d\u00eda s\u00e1bado 21 de septiembre.<\/p>\n<p><strong>MODIFICACIONES DE LA LEY PROVINCIAL N\u00b09024<\/strong><\/p>\n<p><strong>El cambio del inciso f del art\u00edculo 40<\/strong> trata sobre la retenci\u00f3n de la licencia de conducir y establece que \u201c<strong><em>cuando sea evidente la disminuci\u00f3n de las condiciones psicof\u00edsicas del titular de la Licencia, excepto a los discapacitados debidamente habilitados, y\/o incurra en la prohibici\u00f3n del art\u00edculo 52 inciso 7. En dicho supuesto corresponder\u00e1 adem\u00e1s la retenci\u00f3n del veh\u00edculo<\/em><\/strong>\u201d.<\/p>\n<p>Sobre la situaci\u00f3n de conducir en estado de ebriedad, la sustituci\u00f3n del segundo p\u00e1rrafo del <strong>inciso 8 del art\u00edculo 52<\/strong> indica que \u201c<em>se establece que todos los conductores de veh\u00edculos se encuentran obligados a someterse a las pruebas que la reglamentaci\u00f3n de la presente establezca para la detecci\u00f3n de posibles intoxicaciones; la negativa a realizar la prueba constituye falta grave, adem\u00e1s de la presunta infracci\u00f3n al art\u00edculo 52 inciso 7\u201d.<\/em><\/p>\n<p>El <strong>art\u00edculo 78<\/strong> se modifica y tipifica como falta grave la negativa a realizar la prueba de alcoholemia, que anteriormente se consideraba leve. Se incorpora el art\u00edculo 86 bis que establece que quienes conduzcan con 0,5 gramos de alcohol en sangre y hasta 0,99, la sanci\u00f3n ser\u00e1 una multa de 3 mil a 6000 Unidades Fijas e inhabilitaci\u00f3n\u00a0 para conducir veh\u00edculos desde 30 a 180 d\u00edas. En concordancia con el art\u00edculo 40 inc. f que prevee la retenci\u00f3n del veh\u00edculo y de la licencia de conducir.<\/p>\n<p><strong>A partir de 1 gramo o m\u00e1s de alcohol en sangre<\/strong>, <strong>se establece multa de 4 mil a 9 mil Unidades Fijas<\/strong>; <strong>inhabilitaci\u00f3n para conducir veh\u00edculos desde 90 a 365 d\u00edas<\/strong>,\u00a0 <strong>y\/o arresto de hasta 30 d\u00edas<\/strong>. En esta situaci\u00f3n, la falta vial se convierte en contravencional, lo que lleva al infractor a comenzar un proceso con intervenci\u00f3n judicial.<\/p>\n<p>La <strong>modificaci\u00f3n del art\u00edculo 99<\/strong> indica que \u201c<em>cuando su conductor no tuviere edad para conducir, careciere de licencia habilitante o la misma no correspondiese a la categor\u00eda del veh\u00edculo, cuando la licencia estuviese caduca en su t\u00e9rmino de vigencia, no renovada o habilitada debidamente, estuviere bajo intoxicaci\u00f3n de estupefaciente, siempre que no hubiere personas habilitadas que puedan reemplazarla inmediatamente en la conducci\u00f3n<\/em>\u201d.<\/p>\n<p>En este sentido <strong>se suma el art\u00edculo 99 bis<\/strong>, que dice que \u201c<em>en los casos del inciso 7 del art\u00edculo 52 de la presente Ley no ser\u00e1 restituido el veh\u00edculo a su propietario o leg\u00edtimo usuario hasta que no haya cumplido con la sanci\u00f3n correspondiente. La reglamentaci\u00f3n establecer\u00e1 lo relativo a la guarda y traslado de los veh\u00edculos<\/em>\u201d. Los veh\u00edculos retenidos, conforme la reglamentaci\u00f3n, podr\u00e1 ser alojado en las playas de secuestros determinadas a tal fin, en\u00a0 comisar\u00edas o, al domicilio donde puede solicitar su propietario o leg\u00edtimo usuario.<\/p>\n<p><strong>LEY PROVINCIAL N\u00b09099<\/strong><\/p>\n<p>La <strong>modificaci\u00f3n del art\u00edculo 67 bis<\/strong> se refiere a la retenci\u00f3n del veh\u00edculo: \u201c<em>La conducta tipificada en el art\u00edculo anterior ser\u00e1 de aplicaci\u00f3n cuando en las circunstancias previstas en el inciso 7 del art\u00edculo 52 de la Ley N\u00ba 9.024 \u2013Ley de Seguridad de Tr\u00e1nsito Vial-, se condujere un veh\u00edculo con una alcoholemia igual o superior a un (1) gramo por litro de sangre, en cuyo caso el infractor ser\u00e1 sancionado con multa desde cuatro mil (4000) U.F. hasta nueve mil (9000) U.F. o arresto de \u00a0hasta treinta (30) d\u00edas, e inhabilitaci\u00f3n como accesoria en todos los casos para conducir veh\u00edculos desde noventa (90) d\u00edas hasta trescientos sesenta y cinco (365) d\u00edas. En este caso no se aplicar\u00e1 la conversi\u00f3n de la sanci\u00f3n de multa o arresto en trabajo comunitario<\/em>\u201d.<\/p>\n<p>\u201c<em>Siempre corresponder\u00e1 la retenci\u00f3n del veh\u00edculo y no se reintegrar\u00e1 a su propietario o legitimo usuario hasta que no haya cumplido con la sanci\u00f3n de multa o arresto correspondiente<\/em>\u201d.<\/p>\n<p>El <strong>otro art\u00edculo que cambi\u00f3 es el 95<\/strong>, que establece sobre el estado de ebriedad: \u201c<em>El que en lugar p\u00fablico o abierto al p\u00fablico se hallare en estado de manifiesta embriaguez, ser\u00e1 sancionado con multa desde doscientas (200) U.F. hasta cuatrocientas (400) U.F. o arresto de dos (2) d\u00edas hasta cuatro (4) d\u00edas y obligaci\u00f3n de asistir a cursos de tratamiento de adicci\u00f3n.La sanci\u00f3n ser\u00e1 aumentada al doble si el infractor ocasionare molestias a los transe\u00fantes<\/em>\u201d.<\/p>\n<p><strong>RECAUDACI\u00d3N<\/strong><\/p>\n<p>Dentro de las modificaciones establecidas en la nueva reglamentaci\u00f3n, se incluye la administraci\u00f3n de los recursos. Los cambios en el <strong>art\u00edculo 126 de la Ley n\u00b09024<\/strong> anuncian que \u201c<em>la recaudaci\u00f3n de los recursos provenientes de las sanciones pecuniarias y recargos previstos en el presente T\u00edtulo, estar\u00e1 a cargo del Municipio en que se verific\u00f3 la infracci\u00f3n y\/o de la Provincia de Mendoza, de conformidad a la distribuci\u00f3n y funciones que fija la presente Ley. En ambos casos, la recaudaci\u00f3n \u00edntegra ingresar\u00e1 al erario de la jurisdicci\u00f3n interviniente, para ser destinada tambi\u00e9n a prevenci\u00f3n y equipamiento vial<\/em>\u201d.<\/p>\n<h5><em>F.B. (F.M. Vi\u00f1as).<\/em><\/h5>\n","protected":false},"excerpt":{"rendered":"<p>El objetivo es incrementar las penas para las personas que conduzcan alcoholizadas. A trav\u00e9s del Decreto N\u00b0 2120 publicado hoy en &#8230;<\/p>\n","protected":false},"author":8,"featured_media":26747,"comment_status":"open","ping_status":"open","sticky":false,"template":"","format":"standard","meta":{"footnotes":""},"categories":[5,33],"tags":[],"class_list":["post-58887","post","type-post","status-publish","format-standard","has-post-thumbnail","hentry","category-actualidad","category-seguridad"],"_links":{"self":[{"href":"https:\/\/vinasfm.com\/noticias\/wp-json\/wp\/v2\/posts\/58887","targetHints":{"allow":["GET"]}}],"collection":[{"href":"https:\/\/vinasfm.com\/noticias\/wp-json\/wp\/v2\/posts"}],"about":[{"href":"https:\/\/vinasfm.com\/noticias\/wp-json\/wp\/v2\/types\/post"}],"author":[{"embeddable":true,"href":"https:\/\/vinasfm.com\/noticias\/wp-json\/wp\/v2\/users\/8"}],"replies":[{"embeddable":true,"href":"https:\/\/vinasfm.com\/noticias\/wp-json\/wp\/v2\/comments?post=58887"}],"version-history":[{"count":1,"href":"https:\/\/vinasfm.com\/noticias\/wp-json\/wp\/v2\/posts\/58887\/revisions"}],"predecessor-version":[{"id":58888,"href":"https:\/\/vinasfm.com\/noticias\/wp-json\/wp\/v2\/posts\/58887\/revisions\/58888"}],"wp:featuredmedia":[{"embeddable":true,"href":"https:\/\/vinasfm.com\/noticias\/wp-json\/wp\/v2\/media\/26747"}],"wp:attachment":[{"href":"https:\/\/vinasfm.com\/noticias\/wp-json\/wp\/v2\/media?parent=58887"}],"wp:term":[{"taxonomy":"category","embeddable":true,"href":"https:\/\/vinasfm.com\/noticias\/wp-json\/wp\/v2\/categories?post=58887"},{"taxonomy":"post_tag","embeddable":true,"href":"https:\/\/vinasfm.com\/noticias\/wp-json\/wp\/v2\/tags?post=58887"}],"curies":[{"name":"wp","href":"https:\/\/api.w.org\/{rel}","templated":true}]}}