{"id":58879,"date":"2019-09-21T11:02:25","date_gmt":"2019-09-21T14:02:25","guid":{"rendered":"http:\/\/vinasfm.com\/noticias\/?p=58879"},"modified":"2019-09-21T11:02:25","modified_gmt":"2019-09-21T14:02:25","slug":"el-itu-dictara-un-curso-de-formacion-destinado-a-los-calderistas","status":"publish","type":"post","link":"https:\/\/vinasfm.com\/noticias\/el-itu-dictara-un-curso-de-formacion-destinado-a-los-calderistas\/","title":{"rendered":"EL ITU DICTAR\u00c1 UN CURSO DE FORMACI\u00d3N DESTINADO A LOS CALDERISTAS"},"content":{"rendered":"<h4><strong>El Instituto Tecnol\u00f3gico Universitario en conjunto con la Facultad de Ciencias Aplicadas a la Industria de la UNCuyo brindar\u00e1 un curso de formaci\u00f3n destinado a operadores de recipientes a presi\u00f3n con o sin fuego.<\/strong><\/h4>\n<p>El <strong>Secretario de Extensi\u00f3n y Vinculaci\u00f3n de la FCAI<\/strong>, <strong>Mariano Moyano<\/strong>, explic\u00f3 que el curso surgi\u00f3 a partir \u201c<em>una normativa que parte desde la Subsecretar\u00eda de Trabajo de la provincia de Mendoza donde exige que lo calderistas tengas un carnet habilitante que tiene vencimiento a los dos a\u00f1os pero no deben volver a hacer el curso<\/em>\u201d.<\/p>\n<div id=\"attachment_58881\" style=\"width: 300px\" class=\"wp-caption alignleft\"><img loading=\"lazy\" decoding=\"async\" aria-describedby=\"caption-attachment-58881\" class=\"wp-image-58881 size-medium\" src=\"http:\/\/vinasfm.com\/noticias\/wp-content\/uploads\/2019\/09\/0ec4491c-07d4-47a0-a82f-de08e8909822-300x225.jpg\" alt=\"\" width=\"300\" height=\"225\" srcset=\"https:\/\/vinasfm.com\/noticias\/wp-content\/uploads\/2019\/09\/0ec4491c-07d4-47a0-a82f-de08e8909822-300x225.jpg 300w, https:\/\/vinasfm.com\/noticias\/wp-content\/uploads\/2019\/09\/0ec4491c-07d4-47a0-a82f-de08e8909822-768x576.jpg 768w, https:\/\/vinasfm.com\/noticias\/wp-content\/uploads\/2019\/09\/0ec4491c-07d4-47a0-a82f-de08e8909822-1024x768.jpg 1024w, https:\/\/vinasfm.com\/noticias\/wp-content\/uploads\/2019\/09\/0ec4491c-07d4-47a0-a82f-de08e8909822.jpg 1040w\" sizes=\"auto, (max-width: 300px) 100vw, 300px\" \/><p id=\"caption-attachment-58881\" class=\"wp-caption-text\">Patricia Cerezo, Patricia Semenzato y Marianp Moyano.<\/p><\/div>\n<p>Respecto a los ejes que formar\u00e1n parte del curso, Moyano indic\u00f3 que se abordar\u00e1n varios temas como \u201c<strong><em>Termodin\u00e1mica<\/em><\/strong><em>, <strong>operaciones unitarias<\/strong>, <strong>F\u00edsica<\/strong>, <strong>Matem\u00e1ticas<\/strong>, <strong>tecnolog\u00eda y mantenimiento <\/strong>con gran ah\u00ednco en las <strong>experiencias por parte de los profesionales <\/strong>que dictar\u00e1n el curso que son docentes de la Facultad\u201d.<\/em><\/p>\n<p>La importancia para las empresas es que <strong>contar\u00e1n con recursos humanos altamente capacitados y desde el punto de vista legal cumplir\u00e1n con la normativa exigida por el gobierno en cuanto a los operadores de recipientes<\/strong>. \u201c<em>Este curso se estaba dando en San Rafael y hemos decidido que Alvear pueda brindarlo en la sede del ITU<\/em>\u201d, agreg\u00f3 el Secretario.<\/p>\n<p>El curso de dictar\u00e1 los <strong>s\u00e1bados a partir del 28 de septiembre<\/strong> en la <strong>Sede del ITU<\/strong>, en <strong>Chapeaurouge 163<\/strong>, <strong>de 8:00 a 12:30h<\/strong> y <strong>de 14:00 a 18:00h<\/strong>. El curso <strong>es arancelado <\/strong>y tiene como requisito<strong> tener el nivel primario acreditado<\/strong> por lo que aquellos interesados deben acercarse <strong>en horario de ma\u00f1ana al ITU<\/strong> o al tel\u00e9fono <strong>2625 15446431<\/strong>.<\/p>\n<p>\u201c<strong><em>Ha sido demandado por muchos este curso<\/em><\/strong><em> por lo que en funci\u00f3n de esas solicitudes se realiz\u00f3 el pedido a la Facultad de Ciencias Aplicadas a la Industria<\/em>\u201d, asever\u00f3 <strong>Patricia Cerezo<\/strong> desde <strong>Desarrollo Territorial de la Universidad Nacional de Cuyo<\/strong>.<\/p>\n<h5><em>F.B. (F.M. Vi\u00f1as).<\/em><\/h5>\n","protected":false},"excerpt":{"rendered":"<p>El Instituto Tecnol\u00f3gico Universitario en conjunto con la Facultad de Ciencias Aplicadas a la Industria de la UNCuyo brindar\u00e1 un curso &#8230;<\/p>\n","protected":false},"author":8,"featured_media":58880,"comment_status":"open","ping_status":"open","sticky":false,"template":"","format":"standard","meta":{"footnotes":""},"categories":[5,18],"tags":[],"class_list":["post-58879","post","type-post","status-publish","format-standard","has-post-thumbnail","hentry","category-actualidad","category-educacion"],"_links":{"self":[{"href":"https:\/\/vinasfm.com\/noticias\/wp-json\/wp\/v2\/posts\/58879","targetHints":{"allow":["GET"]}}],"collection":[{"href":"https:\/\/vinasfm.com\/noticias\/wp-json\/wp\/v2\/posts"}],"about":[{"href":"https:\/\/vinasfm.com\/noticias\/wp-json\/wp\/v2\/types\/post"}],"author":[{"embeddable":true,"href":"https:\/\/vinasfm.com\/noticias\/wp-json\/wp\/v2\/users\/8"}],"replies":[{"embeddable":true,"href":"https:\/\/vinasfm.com\/noticias\/wp-json\/wp\/v2\/comments?post=58879"}],"version-history":[{"count":1,"href":"https:\/\/vinasfm.com\/noticias\/wp-json\/wp\/v2\/posts\/58879\/revisions"}],"predecessor-version":[{"id":58882,"href":"https:\/\/vinasfm.com\/noticias\/wp-json\/wp\/v2\/posts\/58879\/revisions\/58882"}],"wp:featuredmedia":[{"embeddable":true,"href":"https:\/\/vinasfm.com\/noticias\/wp-json\/wp\/v2\/media\/58880"}],"wp:attachment":[{"href":"https:\/\/vinasfm.com\/noticias\/wp-json\/wp\/v2\/media?parent=58879"}],"wp:term":[{"taxonomy":"category","embeddable":true,"href":"https:\/\/vinasfm.com\/noticias\/wp-json\/wp\/v2\/categories?post=58879"},{"taxonomy":"post_tag","embeddable":true,"href":"https:\/\/vinasfm.com\/noticias\/wp-json\/wp\/v2\/tags?post=58879"}],"curies":[{"name":"wp","href":"https:\/\/api.w.org\/{rel}","templated":true}]}}