{"id":58838,"date":"2019-09-20T07:15:28","date_gmt":"2019-09-20T10:15:28","guid":{"rendered":"http:\/\/vinasfm.com\/noticias\/?p=58838"},"modified":"2019-09-21T09:45:43","modified_gmt":"2019-09-21T12:45:43","slug":"detuvieron-a-un-hombre-por-sustraer-mercaderia-del-interior-de-un-vehiculo","status":"publish","type":"post","link":"https:\/\/vinasfm.com\/noticias\/detuvieron-a-un-hombre-por-sustraer-mercaderia-del-interior-de-un-vehiculo\/","title":{"rendered":"DETUVIERON A UN HOMBRE POR SUSTRAER MERCADER\u00cdA DEL INTERIOR DE UN VEH\u00cdCULO"},"content":{"rendered":"<h4><strong>Un hombre fue aprehendido en horas de la tarde de este jueves luego de sustraer mercader\u00eda del interior de un veh\u00edculo estacionado en Avenida Alvear Oeste.<\/strong><\/h4>\n<p>Seg\u00fan la informaci\u00f3n oficial, el il\u00edcito se consum\u00f3 <strong>frente a un supermercado ubicado en Avenida Alvear Oeste<\/strong> donde estaba estacionado <strong>un veh\u00edculo particular<\/strong>, en el cual el propietario hab\u00eda guardado mercader\u00eda.<\/p>\n<p>En cuesti\u00f3n de segundos, <strong>una persona de sexo masculino sustrajo parte de la mercanc\u00eda<\/strong> <strong>y se dio a la fuga<\/strong> por lo que la v\u00edctima alert\u00f3 al 911 sobre lo sucedido y luego de realizar un rastrillaje por la zona, personal policial, dio con el autor del hecho.<\/p>\n<p>El malviviente fue trasladado a Comisar\u00eda 14\u00b0 donde se encuentra alojado a disposici\u00f3n de la Justicia en \u00ab<strong>Averiguaci\u00f3n Hurto<\/strong>\u00ab.<\/p>\n<h5><em>F.B. (F.M. Vi\u00f1as).<\/em><\/h5>\n","protected":false},"excerpt":{"rendered":"<p>Un hombre fue aprehendido en horas de la tarde de este jueves luego de sustraer mercader\u00eda del interior de un veh\u00edculo &#8230;<\/p>\n","protected":false},"author":8,"featured_media":55306,"comment_status":"open","ping_status":"open","sticky":false,"template":"","format":"standard","meta":{"footnotes":""},"categories":[5,4],"tags":[],"class_list":["post-58838","post","type-post","status-publish","format-standard","has-post-thumbnail","hentry","category-actualidad","category-policiales"],"_links":{"self":[{"href":"https:\/\/vinasfm.com\/noticias\/wp-json\/wp\/v2\/posts\/58838","targetHints":{"allow":["GET"]}}],"collection":[{"href":"https:\/\/vinasfm.com\/noticias\/wp-json\/wp\/v2\/posts"}],"about":[{"href":"https:\/\/vinasfm.com\/noticias\/wp-json\/wp\/v2\/types\/post"}],"author":[{"embeddable":true,"href":"https:\/\/vinasfm.com\/noticias\/wp-json\/wp\/v2\/users\/8"}],"replies":[{"embeddable":true,"href":"https:\/\/vinasfm.com\/noticias\/wp-json\/wp\/v2\/comments?post=58838"}],"version-history":[{"count":1,"href":"https:\/\/vinasfm.com\/noticias\/wp-json\/wp\/v2\/posts\/58838\/revisions"}],"predecessor-version":[{"id":58839,"href":"https:\/\/vinasfm.com\/noticias\/wp-json\/wp\/v2\/posts\/58838\/revisions\/58839"}],"wp:featuredmedia":[{"embeddable":true,"href":"https:\/\/vinasfm.com\/noticias\/wp-json\/wp\/v2\/media\/55306"}],"wp:attachment":[{"href":"https:\/\/vinasfm.com\/noticias\/wp-json\/wp\/v2\/media?parent=58838"}],"wp:term":[{"taxonomy":"category","embeddable":true,"href":"https:\/\/vinasfm.com\/noticias\/wp-json\/wp\/v2\/categories?post=58838"},{"taxonomy":"post_tag","embeddable":true,"href":"https:\/\/vinasfm.com\/noticias\/wp-json\/wp\/v2\/tags?post=58838"}],"curies":[{"name":"wp","href":"https:\/\/api.w.org\/{rel}","templated":true}]}}