{"id":58834,"date":"2019-09-20T09:43:23","date_gmt":"2019-09-20T12:43:23","guid":{"rendered":"http:\/\/vinasfm.com\/noticias\/?p=58834"},"modified":"2019-09-23T09:43:48","modified_gmt":"2019-09-23T12:43:48","slug":"el-multiespacio-bodega-faraon-fue-premiado-en-el-concurso-internacional-best-of-turismo-vitivinicola-de-mendoza-2020","status":"publish","type":"post","link":"https:\/\/vinasfm.com\/noticias\/el-multiespacio-bodega-faraon-fue-premiado-en-el-concurso-internacional-best-of-turismo-vitivinicola-de-mendoza-2020\/","title":{"rendered":"EL MULTIESPACIO BODEGA FARA\u00d3N FUE PREMIADO EN EL CONCURSO INTERNACIONAL \u201cBEST OF\u201d TURISMO VITIVIN\u00cdCOLA DE MENDOZA 2020"},"content":{"rendered":"<h4><strong>En la noche de este jueves el Multiespacio Cultural Bodega Fara\u00f3n fue premiado en el Concurso Internacional \u201cBest of\u201d Turismo Vitivin\u00edcola de Mendoza 2020 -Best Of Mendoza\u2019s Wine Tourism 2020-. Obtuvo\u00a0Oro en \u201cExcelencia en Arquitectura y Paisajes\u201d y Plata en \u201cExcelencia en Arte y Cultura\u201d.<\/strong><\/h4>\n<p>Mendoza se visti\u00f3 de fiesta para la entrega de los premios que reconocen la excelencia en el enoturismo local, que tuvo lugar en la<strong> Nave Cultural<\/strong>. Adem\u00e1s, los ganadores oro de las distintas categor\u00edas participar\u00e1n de la premiaci\u00f3n <strong>internacional en Burdeos <\/strong>(<strong>Francia<\/strong>) en noviembre.<\/p>\n<div id=\"attachment_58836\" style=\"width: 244px\" class=\"wp-caption alignleft\"><img loading=\"lazy\" decoding=\"async\" aria-describedby=\"caption-attachment-58836\" class=\"wp-image-58836\" src=\"http:\/\/vinasfm.com\/noticias\/wp-content\/uploads\/2019\/09\/Best-of-300x225.jpeg\" alt=\"\" width=\"244\" height=\"183\" srcset=\"https:\/\/vinasfm.com\/noticias\/wp-content\/uploads\/2019\/09\/Best-of-300x225.jpeg 300w, https:\/\/vinasfm.com\/noticias\/wp-content\/uploads\/2019\/09\/Best-of-768x576.jpeg 768w, https:\/\/vinasfm.com\/noticias\/wp-content\/uploads\/2019\/09\/Best-of-1024x768.jpeg 1024w, https:\/\/vinasfm.com\/noticias\/wp-content\/uploads\/2019\/09\/Best-of.jpeg 1152w\" sizes=\"auto, (max-width: 244px) 100vw, 244px\" \/><p id=\"caption-attachment-58836\" class=\"wp-caption-text\">La Directora de Turismo recibiendo los galardones.<\/p><\/div>\n<p>Los <strong>Best Of<\/strong> son un <strong>reconocimiento a las mejores pr\u00e1cticas relacionadas con el turismo del vino<\/strong>, del cual participan empresas, emprendimientos e instituciones radicadas en la Provincia, cuya actividad principal se relacione con esta tem\u00e1tica.<\/p>\n<p>Las distinciones se realizan en <strong>bronce, plata y oro<\/strong> y la premiaci\u00f3n tiene lugar anualmente en cada una de las ciudades miembro de la red global de las <strong>Grandes Capitales del Vino<\/strong>, de la cual <strong>Mendoza es parte desde 2005<\/strong>.<\/p>\n<p>Estos son los galardonados con los premios a lo mejor del turismo del vino:<\/p>\n<p>Alojamiento, Oro: Postales Hotel Boutique.\u00a0Plata: Casa de Uco. Bronce: Lares de Chacras.<\/p>\n<p>Restaurante, Oro: Rosell Boher.\u00a0Plata: Bodega La Azul. Bronce: Bodega Diamandes.<\/p>\n<p>Pr\u00e1cticas Sustentables, Oro: Bodega Santa Julia. Plata: Bodega Otaviano. Bronce: Bodega Superuco.<\/p>\n<p><strong>Arquitectura y Paisajes, Oro: Bodega Fara\u00f3n<\/strong>. Plata: Bodega Altavista. Bronce: Casa de Uco.<\/p>\n<p>Arte y Cultura, Oro: Fiesta de la Cosecha.\u00a0Plata: Bodega Fara\u00f3n.\u00a0Bronce: Laberinto de Borges.<\/p>\n<p>Experiencias Innovadoras, Oro: Wineobs. Plata: Laberinto de Borges. Bronce: Movart.<\/p>\n<p>Servicios Relacionados, Oro: Vinos y Placeres. Plata: Wineobs. Bronce: Alta Gama by Sheraton.<\/p>\n<p>Peque\u00f1as Bodegas, Oro: Bodega Solo Contigo. Plata: Bodega Otaviano. Bronce: Bodega Matervini.<\/p>\n<p>\u201c<em>Les agradecemos a todos los postulantes por la valent\u00eda de presentarse y contar las fortalezas por las cuales pueden ganar un premio. Ten\u00edamos una meta con el Gobernador y era que la marca Mendoza se proyectara al mundo y lo hemos logrado. Mendoza es una marca reconocida. El turismo del vino es nuestra locomotora y eso es un m\u00e9rito del sector privado<\/em>\u201d, destac\u00f3 la <strong>Presidente del Emetur<\/strong>, <strong>Gabriela Testa<\/strong>.<\/p>\n<h5><em>\u00a0F.B. (F.M. Vi\u00f1as).<\/em><\/h5>\n","protected":false},"excerpt":{"rendered":"<p>En la noche de este jueves el Multiespacio Cultural Bodega Fara\u00f3n fue premiado en el Concurso Internacional \u201cBest of\u201d Turismo Vitivin\u00edcola &#8230;<\/p>\n","protected":false},"author":8,"featured_media":16641,"comment_status":"open","ping_status":"open","sticky":false,"template":"","format":"standard","meta":{"footnotes":""},"categories":[5,20],"tags":[],"class_list":["post-58834","post","type-post","status-publish","format-standard","has-post-thumbnail","hentry","category-actualidad","category-turismo"],"_links":{"self":[{"href":"https:\/\/vinasfm.com\/noticias\/wp-json\/wp\/v2\/posts\/58834","targetHints":{"allow":["GET"]}}],"collection":[{"href":"https:\/\/vinasfm.com\/noticias\/wp-json\/wp\/v2\/posts"}],"about":[{"href":"https:\/\/vinasfm.com\/noticias\/wp-json\/wp\/v2\/types\/post"}],"author":[{"embeddable":true,"href":"https:\/\/vinasfm.com\/noticias\/wp-json\/wp\/v2\/users\/8"}],"replies":[{"embeddable":true,"href":"https:\/\/vinasfm.com\/noticias\/wp-json\/wp\/v2\/comments?post=58834"}],"version-history":[{"count":1,"href":"https:\/\/vinasfm.com\/noticias\/wp-json\/wp\/v2\/posts\/58834\/revisions"}],"predecessor-version":[{"id":58837,"href":"https:\/\/vinasfm.com\/noticias\/wp-json\/wp\/v2\/posts\/58834\/revisions\/58837"}],"wp:featuredmedia":[{"embeddable":true,"href":"https:\/\/vinasfm.com\/noticias\/wp-json\/wp\/v2\/media\/16641"}],"wp:attachment":[{"href":"https:\/\/vinasfm.com\/noticias\/wp-json\/wp\/v2\/media?parent=58834"}],"wp:term":[{"taxonomy":"category","embeddable":true,"href":"https:\/\/vinasfm.com\/noticias\/wp-json\/wp\/v2\/categories?post=58834"},{"taxonomy":"post_tag","embeddable":true,"href":"https:\/\/vinasfm.com\/noticias\/wp-json\/wp\/v2\/tags?post=58834"}],"curies":[{"name":"wp","href":"https:\/\/api.w.org\/{rel}","templated":true}]}}