{"id":58831,"date":"2019-09-20T09:36:55","date_gmt":"2019-09-20T12:36:55","guid":{"rendered":"http:\/\/vinasfm.com\/noticias\/?p=58831"},"modified":"2019-09-20T09:36:55","modified_gmt":"2019-09-20T12:36:55","slug":"las-heladas-tardias-vuelven-a-afectar-fuertemente-al-agro-2","status":"publish","type":"post","link":"https:\/\/vinasfm.com\/noticias\/las-heladas-tardias-vuelven-a-afectar-fuertemente-al-agro-2\/","title":{"rendered":"LAS HELADAS TARD\u00cdAS VUELVEN A AFECTAR FUERTEMENTE AL AGRO"},"content":{"rendered":"<p><strong>En la madrugada de este viernes se registraron temperaturas por debajo de 0\u00b0C pr\u00e1cticamente en \u00a0todo el \u00e1mbito rural del departamento. En algunos sectores del agro los term\u00f3metros bajaron hasta los -5,5 C\u00b0, de acuerdo a los datos de la Direcci\u00f3n de Agricultura y Contingencias Clim\u00e1ticas.<\/strong><\/p>\n<p><strong>Brisas del sector sur, y el escaso porcentaje de humedad<\/strong> complejizaron la situaci\u00f3n.<\/p>\n<p>Si bien a\u00fan no se tienen registros oficiales y exactos de <strong>los da\u00f1os, ser\u00edan importante<\/strong>s, sumado a las importantes p\u00e9rdidas ocasionadas por las bajas temperaturas semanas atr\u00e1s. Recordemos que frutales como <strong>duraznos, ciruelos, hortalizas y algunas variedades de vid est\u00e1n en pleno proceso de floraci\u00f3n.<\/strong><\/p>\n<p><a href=\"http:\/\/vinasfm.com\/noticias\/wp-content\/uploads\/2019\/09\/balance.png\"><img loading=\"lazy\" decoding=\"async\" class=\" wp-image-58832 aligncenter\" src=\"http:\/\/vinasfm.com\/noticias\/wp-content\/uploads\/2019\/09\/balance-300x172.png\" alt=\"\" width=\"663\" height=\"380\" srcset=\"https:\/\/vinasfm.com\/noticias\/wp-content\/uploads\/2019\/09\/balance-300x172.png 300w, https:\/\/vinasfm.com\/noticias\/wp-content\/uploads\/2019\/09\/balance-768x440.png 768w, https:\/\/vinasfm.com\/noticias\/wp-content\/uploads\/2019\/09\/balance.png 783w\" sizes=\"auto, (max-width: 663px) 100vw, 663px\" \/><\/a><\/p>\n<p>RECORDAR QUE LOS VALORES PUEDEN SEGUIR DESCENDIENDO HASTA LA SALIDA DEL SOL, POR LO<br \/>\nQUE LAS CONCLUSIONES SOLO SON PARCIALES.<\/p>\n<p>&nbsp;<\/p>\n<h5><em><strong>A.C.<\/strong><\/em><\/h5>\n","protected":false},"excerpt":{"rendered":"<p>En la madrugada de este viernes se registraron temperaturas por debajo de 0\u00b0C pr\u00e1cticamente en \u00a0todo el \u00e1mbito rural del departamento. &#8230;<\/p>\n","protected":false},"author":7,"featured_media":57939,"comment_status":"open","ping_status":"open","sticky":false,"template":"","format":"standard","meta":{"footnotes":""},"categories":[1],"tags":[],"class_list":["post-58831","post","type-post","status-publish","format-standard","has-post-thumbnail","hentry","category-fmvinas"],"_links":{"self":[{"href":"https:\/\/vinasfm.com\/noticias\/wp-json\/wp\/v2\/posts\/58831","targetHints":{"allow":["GET"]}}],"collection":[{"href":"https:\/\/vinasfm.com\/noticias\/wp-json\/wp\/v2\/posts"}],"about":[{"href":"https:\/\/vinasfm.com\/noticias\/wp-json\/wp\/v2\/types\/post"}],"author":[{"embeddable":true,"href":"https:\/\/vinasfm.com\/noticias\/wp-json\/wp\/v2\/users\/7"}],"replies":[{"embeddable":true,"href":"https:\/\/vinasfm.com\/noticias\/wp-json\/wp\/v2\/comments?post=58831"}],"version-history":[{"count":1,"href":"https:\/\/vinasfm.com\/noticias\/wp-json\/wp\/v2\/posts\/58831\/revisions"}],"predecessor-version":[{"id":58833,"href":"https:\/\/vinasfm.com\/noticias\/wp-json\/wp\/v2\/posts\/58831\/revisions\/58833"}],"wp:featuredmedia":[{"embeddable":true,"href":"https:\/\/vinasfm.com\/noticias\/wp-json\/wp\/v2\/media\/57939"}],"wp:attachment":[{"href":"https:\/\/vinasfm.com\/noticias\/wp-json\/wp\/v2\/media?parent=58831"}],"wp:term":[{"taxonomy":"category","embeddable":true,"href":"https:\/\/vinasfm.com\/noticias\/wp-json\/wp\/v2\/categories?post=58831"},{"taxonomy":"post_tag","embeddable":true,"href":"https:\/\/vinasfm.com\/noticias\/wp-json\/wp\/v2\/tags?post=58831"}],"curies":[{"name":"wp","href":"https:\/\/api.w.org\/{rel}","templated":true}]}}