{"id":58823,"date":"2019-09-20T09:08:06","date_gmt":"2019-09-20T12:08:06","guid":{"rendered":"http:\/\/vinasfm.com\/noticias\/?p=58823"},"modified":"2019-09-20T12:19:53","modified_gmt":"2019-09-20T15:19:53","slug":"dia-de-la-sanidad-el-hospital-agasajo-a-los-trabajadores-de-la-salud","status":"publish","type":"post","link":"https:\/\/vinasfm.com\/noticias\/dia-de-la-sanidad-el-hospital-agasajo-a-los-trabajadores-de-la-salud\/","title":{"rendered":"D\u00cdA DE LA SANIDAD: EL HOSPITAL AGASAJ\u00d3 A LOS TRABAJADORES DE LA SALUD"},"content":{"rendered":"<h4><strong>A partir de las 10:30h de este viernes en el Sal\u00f3n de Usos M\u00faltiples del Hospital \u2018Enfermeros Argentinos\u2019 se llev\u00f3 a cabo el tradicional acto por el D\u00eda de la Sanidad que se celebra cada 21 de septiembre.<\/strong><\/h4>\n<p>En di\u00e1logo con <em>F.M. Vi\u00f1as<\/em> el <strong>Director del nosocomio Dr. Fabio G\u00f3mez Parra<\/strong> \u00a0expres\u00f3 que este evento se realiza \u201c<em>a modo de reconocimiento para con cada integrante que forma parte del equipo de la salud<\/em>\u201d.<\/p>\n<p>\u201c<em>Se reconoce a todos pero puntualmente a algunos que eligen sus propios servicios en desempe\u00f1o a la responsabilidad y se realizan los cambios de banderas, un gran reconocimiento<\/em>\u201d, agreg\u00f3 <strong>Parra<\/strong>.<\/p>\n<div id=\"attachment_58855\" style=\"width: 300px\" class=\"wp-caption alignleft\"><img loading=\"lazy\" decoding=\"async\" aria-describedby=\"caption-attachment-58855\" class=\"wp-image-58855 size-medium\" src=\"http:\/\/vinasfm.com\/noticias\/wp-content\/uploads\/2019\/09\/41e47cce-55cf-4ce9-a063-e45710c80f92-300x169.jpg\" alt=\"\" width=\"300\" height=\"169\" srcset=\"https:\/\/vinasfm.com\/noticias\/wp-content\/uploads\/2019\/09\/41e47cce-55cf-4ce9-a063-e45710c80f92-300x169.jpg 300w, https:\/\/vinasfm.com\/noticias\/wp-content\/uploads\/2019\/09\/41e47cce-55cf-4ce9-a063-e45710c80f92-768x432.jpg 768w, https:\/\/vinasfm.com\/noticias\/wp-content\/uploads\/2019\/09\/41e47cce-55cf-4ce9-a063-e45710c80f92-1024x576.jpg 1024w, https:\/\/vinasfm.com\/noticias\/wp-content\/uploads\/2019\/09\/41e47cce-55cf-4ce9-a063-e45710c80f92-750x420.jpg 750w, https:\/\/vinasfm.com\/noticias\/wp-content\/uploads\/2019\/09\/41e47cce-55cf-4ce9-a063-e45710c80f92.jpg 1032w\" sizes=\"auto, (max-width: 300px) 100vw, 300px\" \/><p id=\"caption-attachment-58855\" class=\"wp-caption-text\">Preseas de reconocimiento a los trabajadores de la salud.<\/p><\/div>\n<p>\u201c<em>Muchas veces necesitamos cubrir otras \u00e1reas y hay enfermeros que van a otros servicios con muy buena predisposici\u00f3n y es lo que se resalta. Tambi\u00e9n tenemos en cuenta\u00a0 el aspecto personal, la capacitaci\u00f3n, el buen trato hacia sus superiores, compa\u00f1eros y el paciente para quienes trabajamos. Todos somos un equipo y todos los servicios son importantes. En el acto tratamos de reconocer a todos los jubilados del \u00e1rea de salud y a todo el personal que tiene entre 25 y 30 a\u00f1os de servicio<\/em>\u201d, expres\u00f3 <strong>Ada Barroso<\/strong>, <strong>Jefa de Enfermer\u00eda<\/strong>.<\/p>\n<p>Adem\u00e1s el 21 de Noviembre, \u2018<strong>D\u00eda del Enfermero\u2019<\/strong>, realizar\u00e1n en el nosocomio local un acto a modo de celebraci\u00f3n y agasajo a quienes brindan su ayuda\u00a0 se dedican al cuidado y atenci\u00f3n de enfermos y heridos, as\u00ed como a otras tareas asistencia sanitarias, siguiendo pautas cl\u00ednicas: \u201c<em>Tenemos muchos enfermeros para reconocer. Enfermer\u00eda se merece tener su acto. Este a\u00f1o ha sido muy importante la capacitaci\u00f3n que se ha ido realizando en todos los servicios con la ayuda de muchos doctores y licenciados del personal que tenemos en nuestro Hospital<\/em>\u201d.<\/p>\n<p><img loading=\"lazy\" decoding=\"async\" class=\" wp-image-58856 aligncenter\" src=\"http:\/\/vinasfm.com\/noticias\/wp-content\/uploads\/2019\/09\/5848b0f3-94e9-4735-8a40-d23c8b5158b4-300x169.jpg\" alt=\"\" width=\"621\" height=\"350\" srcset=\"https:\/\/vinasfm.com\/noticias\/wp-content\/uploads\/2019\/09\/5848b0f3-94e9-4735-8a40-d23c8b5158b4-300x169.jpg 300w, https:\/\/vinasfm.com\/noticias\/wp-content\/uploads\/2019\/09\/5848b0f3-94e9-4735-8a40-d23c8b5158b4-768x432.jpg 768w, https:\/\/vinasfm.com\/noticias\/wp-content\/uploads\/2019\/09\/5848b0f3-94e9-4735-8a40-d23c8b5158b4-1024x576.jpg 1024w, https:\/\/vinasfm.com\/noticias\/wp-content\/uploads\/2019\/09\/5848b0f3-94e9-4735-8a40-d23c8b5158b4.jpg 1032w\" sizes=\"auto, (max-width: 621px) 100vw, 621px\" \/><\/p>\n<p>En el acto, se hizo presente el <strong>Intendente de General Alvear<\/strong>, <strong>Walther Marcolini<\/strong> quien respecto a la fecha dijo: <em>\u201cGracias al esfuerzo y trabajo que realizan todos los trabajadores de la salud. EL 21 de septiembre involucra pensar en esa comunidad que est\u00e1 al servicio de todas las sociedades. La calidad de atenci\u00f3n que brindan todos los profesionales se lo agradecemos, agradecemos el compromiso que tienen para con todos. Cada uno de nosotros nos ponemos en mano de ustedes cuando tenemos un problema, todo el trabajo de Ustedes sirve para prevenir. General Alvear es un Departamento saludable que significa un trabajo continuo y debemos llegar a cada lugar del Departamento donde est\u00e1n quienes m\u00e1s lo necesitan, a quienes no tienen la posibilidad de llegar a un centro de salud. Agradezco al IES Salvador Calafat por contar con una carrera que ayuda a formar a quienes quieren dedicarse al cuidado de la salud<\/em>\u201d.<\/p>\n<p><strong>G\u00f3mez Parra <\/strong>concluy\u00f3: \u201c<em>Este acto se hace para reconocer a todos los trabajadores sobre todo a aquellos que se est\u00e1n jubilando por la responsabilidad y dedicaci\u00f3n al paciente. Si no fuera por los servicios por los servicios que brindamos, la gente no tendr\u00eda la atenci\u00f3n con la que contamos en el Hospital. Felicitamos el compromiso y dedicaci\u00f3n de cada uno\u201d.<\/em><\/p>\n<p><strong>OBRAS Y SERVICIOS<\/strong><\/p>\n<p>Respecto al <strong>avance de la obra de nueva guardia<\/strong> y mejora en servicios, el Director asever\u00f3 \u201c<strong><em>que est\u00e1 en licitaci\u00f3n la segunda etapa<\/em><\/strong><em>, la parte m\u00e1s fina,<\/em> <em>luego de hacerse los trabajos de arquitectura y de requerimiento en equipamiento y elementos diarios con un alto monto. <strong>Se est\u00e1 terminando la habitaci\u00f3n del tom\u00f3grafo donde se recibir\u00e1 el equipo nuevo<\/strong><\/em> <em>y <strong>se culmin\u00f3 con la habitaci\u00f3n de oncolog\u00eda y el Sal\u00f3n de Usos M\u00faltiples<\/strong>\u201d.<\/em><\/p>\n<p><em>\u201cEl <strong>nuevo tom\u00f3grafo<\/strong> es de \u00faltima generaci\u00f3n que va a complementar todo el sistema de diagn\u00f3stico por imagen\u201d, <\/em>concluy\u00f3 sobre el nuevo tom\u00f3grafo que funcionar\u00e1 en el Hospital local.<\/p>\n<p><strong>D\u00cdA DE LA SANIDAD<\/strong><\/p>\n<p>El <strong>21 de septiembre de 1935 fue creada la Asociaci\u00f3n del Personal de Hospitales y Sanatorios Particulares <\/strong>de la ciudad de Buenos Aires, que fue un pilar esencial en la construcci\u00f3n del <strong>Sindicato Nacional de los Trabajadores de la Sanidad<\/strong> (la actual Federaci\u00f3n de Asociaciones de Trabajadores de la Sanidad Argentina). Luego de esta fecha, continuaron cre\u00e1ndose filiales a lo largo de todo pa\u00eds: Salta y Rosario en 1935, C\u00f3rdoba en 1937, San Juan, Santa Fe y Santa Cruz en 1940, Entre R\u00edos, <strong>Mendoza<\/strong> y Bah\u00eda Blanca <strong>en 1944<\/strong>.<\/p>\n<p>Asimismo, como se dijo, el 21 de setiembre de 1941 se fund\u00f3 la Obra Social de la Asociaci\u00f3n de Trabajadores de la Sanidad Argentina, instituci\u00f3n que propuso celebrar esta fecha en recuerdo de dicho evento.<\/p>\n<h5><em>F.B.\/ R.B. (F.M. Vi\u00f1as).<\/em><\/h5>\n","protected":false},"excerpt":{"rendered":"<p>A partir de las 10:30h de este viernes en el Sal\u00f3n de Usos M\u00faltiples del Hospital \u2018Enfermeros Argentinos\u2019 se llev\u00f3 a &#8230;<\/p>\n","protected":false},"author":8,"featured_media":58854,"comment_status":"open","ping_status":"open","sticky":false,"template":"","format":"standard","meta":{"footnotes":""},"categories":[5,15],"tags":[],"class_list":["post-58823","post","type-post","status-publish","format-standard","has-post-thumbnail","hentry","category-actualidad","category-salud"],"_links":{"self":[{"href":"https:\/\/vinasfm.com\/noticias\/wp-json\/wp\/v2\/posts\/58823","targetHints":{"allow":["GET"]}}],"collection":[{"href":"https:\/\/vinasfm.com\/noticias\/wp-json\/wp\/v2\/posts"}],"about":[{"href":"https:\/\/vinasfm.com\/noticias\/wp-json\/wp\/v2\/types\/post"}],"author":[{"embeddable":true,"href":"https:\/\/vinasfm.com\/noticias\/wp-json\/wp\/v2\/users\/8"}],"replies":[{"embeddable":true,"href":"https:\/\/vinasfm.com\/noticias\/wp-json\/wp\/v2\/comments?post=58823"}],"version-history":[{"count":2,"href":"https:\/\/vinasfm.com\/noticias\/wp-json\/wp\/v2\/posts\/58823\/revisions"}],"predecessor-version":[{"id":58857,"href":"https:\/\/vinasfm.com\/noticias\/wp-json\/wp\/v2\/posts\/58823\/revisions\/58857"}],"wp:featuredmedia":[{"embeddable":true,"href":"https:\/\/vinasfm.com\/noticias\/wp-json\/wp\/v2\/media\/58854"}],"wp:attachment":[{"href":"https:\/\/vinasfm.com\/noticias\/wp-json\/wp\/v2\/media?parent=58823"}],"wp:term":[{"taxonomy":"category","embeddable":true,"href":"https:\/\/vinasfm.com\/noticias\/wp-json\/wp\/v2\/categories?post=58823"},{"taxonomy":"post_tag","embeddable":true,"href":"https:\/\/vinasfm.com\/noticias\/wp-json\/wp\/v2\/tags?post=58823"}],"curies":[{"name":"wp","href":"https:\/\/api.w.org\/{rel}","templated":true}]}}