{"id":58786,"date":"2019-09-20T06:45:53","date_gmt":"2019-09-20T09:45:53","guid":{"rendered":"http:\/\/vinasfm.com\/noticias\/?p=58786"},"modified":"2019-09-20T10:27:57","modified_gmt":"2019-09-20T13:27:57","slug":"pasion-fierrera-se-correra-la-7-fecha-de-las-tradicionales-en-el-victor-garcia","status":"publish","type":"post","link":"https:\/\/vinasfm.com\/noticias\/pasion-fierrera-se-correra-la-7-fecha-de-las-tradicionales-en-el-victor-garcia\/","title":{"rendered":"PASI\u00d3N FIERRERA: SE CORRER\u00c1 LA 7\u00b0 FECHA DE LAS &#8216;TRADICIONALES&#8217; EN EL V\u00cdCTOR GARC\u00cdA"},"content":{"rendered":"<h4><strong>El 22 de septiembre se correr\u00e1 \u00a0la 7\u00b0 fecha de \u2018Carreras Tradicionales\u2019 en el Aut\u00f3dromo V\u00edctor Garc\u00eda con la participaci\u00f3n de 70 competidores en 5 categor\u00edas. <\/strong><\/h4>\n<p>\u201c<em>Las carreras demandan muchos esfuerzo, mucho profesionalismo. Estamos en la \u00faltima instancia de las tradicionales por lo cual de domingo van a ser muy atractivas<\/em>\u201d, coment\u00f3 <strong>Pablo Aset<\/strong>, <strong>Presidente del A.A.K.A<\/strong> (Asociaci\u00f3n de Amigos del Karting Alvearense) sobre la organizaci\u00f3n.<\/p>\n<p>Las puertas <strong>estar\u00e1n abiertas a partir de las 8:00h<\/strong>; el <strong>comienzo de actividades a partir de las 12:00h<\/strong>.<\/p>\n<p>Las <strong>categor\u00edas <\/strong>que se correr\u00e1n son:<\/p>\n<ul>\n<li><strong>850<\/strong><\/li>\n<li><strong>TC 1100<\/strong><\/li>\n<li><strong>TC Junior<\/strong><\/li>\n<li><strong>TC Tradicionales<\/strong><\/li>\n<li><strong>TC Sport 4<\/strong><\/li>\n<\/ul>\n<p>\u201c<em>Vamos a tener un parking arriba de 70 autos. Log\u00edsticamente est\u00e1 todo bien armado, hay ba\u00f1os qu\u00edmicos, servicio de cantina, se est\u00e1n haciendo churrasqueras nuevas. Nos hemos enfocado mucho en como luce la pista para que tenga un buen piso para que el piloto pueda desarrollar toda su velocidad. Hay muchos pilotos nuevos que est\u00e1n terminando sus autos<\/em>\u201d, a\u00f1adi\u00f3 <strong>Aset<\/strong>.<\/p>\n<p>La <strong>entrada general<\/strong> es de <strong>$100<\/strong> en tanto que los <strong>jubilados <\/strong>abonar\u00e1n<strong> $50<\/strong> y los <strong>menores de 12 a\u00f1os no pagan.<\/strong><\/p>\n<p>\u201c<em>Esperamos que sea mucha gente la que se acerque, el tiempo est\u00e1 chequeado, tendremos un buen clima, un d\u00eda primaveral espectacular para que la gente disfrute<\/em>\u201d, concluy\u00f3 el <strong>Presidente del A.A.K.A.<\/strong><\/p>\n<h5><em>R.B. (F.M. Vi\u00f1as).<\/em><\/h5>\n","protected":false},"excerpt":{"rendered":"<p>El 22 de septiembre se correr\u00e1 \u00a0la 7\u00b0 fecha de \u2018Carreras Tradicionales\u2019 en el Aut\u00f3dromo V\u00edctor Garc\u00eda con la participaci\u00f3n de &#8230;<\/p>\n","protected":false},"author":8,"featured_media":56031,"comment_status":"open","ping_status":"open","sticky":false,"template":"","format":"standard","meta":{"footnotes":""},"categories":[1],"tags":[],"class_list":["post-58786","post","type-post","status-publish","format-standard","has-post-thumbnail","hentry","category-fmvinas"],"_links":{"self":[{"href":"https:\/\/vinasfm.com\/noticias\/wp-json\/wp\/v2\/posts\/58786","targetHints":{"allow":["GET"]}}],"collection":[{"href":"https:\/\/vinasfm.com\/noticias\/wp-json\/wp\/v2\/posts"}],"about":[{"href":"https:\/\/vinasfm.com\/noticias\/wp-json\/wp\/v2\/types\/post"}],"author":[{"embeddable":true,"href":"https:\/\/vinasfm.com\/noticias\/wp-json\/wp\/v2\/users\/8"}],"replies":[{"embeddable":true,"href":"https:\/\/vinasfm.com\/noticias\/wp-json\/wp\/v2\/comments?post=58786"}],"version-history":[{"count":1,"href":"https:\/\/vinasfm.com\/noticias\/wp-json\/wp\/v2\/posts\/58786\/revisions"}],"predecessor-version":[{"id":58789,"href":"https:\/\/vinasfm.com\/noticias\/wp-json\/wp\/v2\/posts\/58786\/revisions\/58789"}],"wp:featuredmedia":[{"embeddable":true,"href":"https:\/\/vinasfm.com\/noticias\/wp-json\/wp\/v2\/media\/56031"}],"wp:attachment":[{"href":"https:\/\/vinasfm.com\/noticias\/wp-json\/wp\/v2\/media?parent=58786"}],"wp:term":[{"taxonomy":"category","embeddable":true,"href":"https:\/\/vinasfm.com\/noticias\/wp-json\/wp\/v2\/categories?post=58786"},{"taxonomy":"post_tag","embeddable":true,"href":"https:\/\/vinasfm.com\/noticias\/wp-json\/wp\/v2\/tags?post=58786"}],"curies":[{"name":"wp","href":"https:\/\/api.w.org\/{rel}","templated":true}]}}