{"id":58751,"date":"2019-09-19T10:21:53","date_gmt":"2019-09-19T13:21:53","guid":{"rendered":"http:\/\/vinasfm.com\/noticias\/?p=58751"},"modified":"2019-09-19T11:49:21","modified_gmt":"2019-09-19T14:49:21","slug":"walther-marcolini-y-cristian-gonzalez-debatieron-sus-propuestas-en-el-hcd","status":"publish","type":"post","link":"https:\/\/vinasfm.com\/noticias\/walther-marcolini-y-cristian-gonzalez-debatieron-sus-propuestas-en-el-hcd\/","title":{"rendered":"WALTHER MARCOLINI Y CRISTIAN GONZ\u00c1LEZ DEBATIERON SUS PROPUESTAS EN EL HCD"},"content":{"rendered":"<h4><strong>Como hab\u00eda sido estipulado, este mi\u00e9rcoles a partir de las 20:30h en el sal\u00f3n \u2018San Mart\u00edn\u2019 del HCD se desarroll\u00f3 el Debate entre Walther Marcolini (UCR) y Cristian Gonzalez (PJ), candidatos a ocupar la intendencia de General Alvear entre 2019 y 2023.<\/strong><\/h4>\n<p>Con la presencia de los concejales, asesores, funcionarios, personalidades de la vida pol\u00edtica del departamento \u00a0y la cobertura en vivo de los medios de comunicaci\u00f3n alvearense, el actual jefe comunal <strong>Lic. Walther Marcolini<\/strong>, que apuesta por su reelecci\u00f3n, y el aspirante del justicialismo <strong>Cristian Gonzalez<\/strong> presentaron su plataforma de gobierno dividida en <strong>6 tem\u00e1ticas<\/strong>. Las mismas hab\u00edan sido previamente acordadas entre las partes, trabajadas en Comisi\u00f3n y posterior aprobaci\u00f3n mediante Sesi\u00f3n Especial. (<strong>Resoluci\u00f3n H.C.D. N\u00b0 4847\/19<\/strong><strong>).<\/strong><\/p>\n<div id=\"attachment_58778\" style=\"width: 224px\" class=\"wp-caption alignleft\"><img loading=\"lazy\" decoding=\"async\" aria-describedby=\"caption-attachment-58778\" class=\"wp-image-58778 \" src=\"http:\/\/vinasfm.com\/noticias\/wp-content\/uploads\/2019\/09\/IMG_4134-300x200.jpg\" alt=\"\" width=\"224\" height=\"149\" srcset=\"https:\/\/vinasfm.com\/noticias\/wp-content\/uploads\/2019\/09\/IMG_4134-300x200.jpg 300w, https:\/\/vinasfm.com\/noticias\/wp-content\/uploads\/2019\/09\/IMG_4134-768x513.jpg 768w, https:\/\/vinasfm.com\/noticias\/wp-content\/uploads\/2019\/09\/IMG_4134.jpg 800w\" sizes=\"auto, (max-width: 224px) 100vw, 224px\" \/><p id=\"caption-attachment-58778\" class=\"wp-caption-text\">Jos\u00e9 Luis G\u00f3mez, moderador del Debate 2019.<\/p><\/div>\n<p>El moderador del cruce fue el subsecretario del cuerpo legislativo, <strong>Jos\u00e9 Luis G\u00f3mez<\/strong>, quien consign\u00f3 en el inicio las pautas bajo las cuales deb\u00eda desarrollarse el Debate entre los candidatos y la actitud que deb\u00edan tomar los presentes en el recinto. En el sal\u00f3n <strong>no se permitieron aplausos o silbidos o alguna expresi\u00f3n del p\u00fablico<\/strong> que fue colmado por los medios de prensa y los <strong>invitados de cada uno de los candidatos<\/strong>.<\/p>\n<p><strong>Desarrollo econ\u00f3mico<\/strong>,<strong> Desarrollo humano<\/strong>,<strong> Obra p\u00fablica<\/strong>,<strong> Ambiente<\/strong>,<strong> Hacienda <\/strong>y<strong> Seguridad<\/strong>, fueron los temas que se trataron y por lo que cada participante expuso en un <strong>tiempo de 4 minutos<\/strong> m\u00e1s <strong>un minuto de gracia<\/strong> para preguntarle al contrincante o adherir alguna informaci\u00f3n.<\/p>\n<h3 style=\"text-align: center;\"><strong>EL DEBATE<\/strong><\/h3>\n<p><b>DESARROLLO HUMANO<\/b><\/p>\n<audio class=\"wp-audio-shortcode\" id=\"audio-58751-1\" preload=\"none\" style=\"width: 100%;\" controls=\"controls\"><source type=\"audio\/mpeg\" src=\"http:\/\/vinasfm.com\/noticias\/wp-content\/uploads\/2019\/09\/DESARROLLO-HUMANO.mp3?_=1\" \/><a href=\"http:\/\/vinasfm.com\/noticias\/wp-content\/uploads\/2019\/09\/DESARROLLO-HUMANO.mp3\">http:\/\/vinasfm.com\/noticias\/wp-content\/uploads\/2019\/09\/DESARROLLO-HUMANO.mp3<\/a><\/audio>\n<p>&nbsp;<\/p>\n<p><strong>DESARROLLO ECON\u00d3MICO<\/strong><\/p>\n<audio class=\"wp-audio-shortcode\" id=\"audio-58751-2\" preload=\"none\" style=\"width: 100%;\" controls=\"controls\"><source type=\"audio\/mpeg\" src=\"http:\/\/vinasfm.com\/noticias\/wp-content\/uploads\/2019\/09\/DESARROLLO-ECON\u00d3MICO.mp3?_=2\" \/><a href=\"http:\/\/vinasfm.com\/noticias\/wp-content\/uploads\/2019\/09\/DESARROLLO-ECON\u00d3MICO.mp3\">http:\/\/vinasfm.com\/noticias\/wp-content\/uploads\/2019\/09\/DESARROLLO-ECON\u00d3MICO.mp3<\/a><\/audio>\n<p>&nbsp;<\/p>\n<p><strong>HACIENDA<\/strong><\/p>\n<audio class=\"wp-audio-shortcode\" id=\"audio-58751-3\" preload=\"none\" style=\"width: 100%;\" controls=\"controls\"><source type=\"audio\/mpeg\" src=\"http:\/\/vinasfm.com\/noticias\/wp-content\/uploads\/2019\/09\/HACIENDA.mp3?_=3\" \/><a href=\"http:\/\/vinasfm.com\/noticias\/wp-content\/uploads\/2019\/09\/HACIENDA.mp3\">http:\/\/vinasfm.com\/noticias\/wp-content\/uploads\/2019\/09\/HACIENDA.mp3<\/a><\/audio>\n<p>&nbsp;<\/p>\n<p><strong>SEGURIDAD<\/strong><\/p>\n<audio class=\"wp-audio-shortcode\" id=\"audio-58751-4\" preload=\"none\" style=\"width: 100%;\" controls=\"controls\"><source type=\"audio\/mpeg\" src=\"http:\/\/vinasfm.com\/noticias\/wp-content\/uploads\/2019\/09\/SEGURIDAD.mp3?_=4\" \/><a href=\"http:\/\/vinasfm.com\/noticias\/wp-content\/uploads\/2019\/09\/SEGURIDAD.mp3\">http:\/\/vinasfm.com\/noticias\/wp-content\/uploads\/2019\/09\/SEGURIDAD.mp3<\/a><\/audio>\n<p>&nbsp;<\/p>\n<p><strong>AMBIENTE<\/strong><\/p>\n<audio class=\"wp-audio-shortcode\" id=\"audio-58751-5\" preload=\"none\" style=\"width: 100%;\" controls=\"controls\"><source type=\"audio\/mpeg\" src=\"http:\/\/vinasfm.com\/noticias\/wp-content\/uploads\/2019\/09\/AMBIENTE.mp3?_=5\" \/><a href=\"http:\/\/vinasfm.com\/noticias\/wp-content\/uploads\/2019\/09\/AMBIENTE.mp3\">http:\/\/vinasfm.com\/noticias\/wp-content\/uploads\/2019\/09\/AMBIENTE.mp3<\/a><\/audio>\n<p>&nbsp;<\/p>\n<p><strong>OBRA P\u00daBLICA<\/strong><\/p>\n<audio class=\"wp-audio-shortcode\" id=\"audio-58751-6\" preload=\"none\" style=\"width: 100%;\" controls=\"controls\"><source type=\"audio\/mpeg\" src=\"http:\/\/vinasfm.com\/noticias\/wp-content\/uploads\/2019\/09\/OBRA-P\u00daBLICA.mp3?_=6\" \/><a href=\"http:\/\/vinasfm.com\/noticias\/wp-content\/uploads\/2019\/09\/OBRA-P\u00daBLICA.mp3\">http:\/\/vinasfm.com\/noticias\/wp-content\/uploads\/2019\/09\/OBRA-P\u00daBLICA.mp3<\/a><\/audio>\n<p>&nbsp;<\/p>\n<p>Finalmente, tanto <strong>Walther Marcolini<\/strong> como <strong>Cristian Gonzalez<\/strong> tuvieron <strong>5 minutos para cerrar el debate<\/strong>. Prim\u00f3 en ambos discursos finales el agradecimiento para con el Concejo Deliberante e invitaron a que en las pr\u00f3ximas elecciones los alvearenses decidan democr\u00e1ticamente cu\u00e1l consideran que es el camino correcto para el crecimiento y desarrollo que tanto anhelamos.<\/p>\n<p><strong>CIERRE\u00a0<\/strong><\/p>\n<audio class=\"wp-audio-shortcode\" id=\"audio-58751-7\" preload=\"none\" style=\"width: 100%;\" controls=\"controls\"><source type=\"audio\/mpeg\" src=\"http:\/\/vinasfm.com\/noticias\/wp-content\/uploads\/2019\/09\/CIERRE.mp3?_=7\" \/><a href=\"http:\/\/vinasfm.com\/noticias\/wp-content\/uploads\/2019\/09\/CIERRE.mp3\">http:\/\/vinasfm.com\/noticias\/wp-content\/uploads\/2019\/09\/CIERRE.mp3<\/a><\/audio>\n<h5><\/h5>\n<div id=\"attachment_58776\" style=\"width: 295px\" class=\"wp-caption aligncenter\"><img loading=\"lazy\" decoding=\"async\" aria-describedby=\"caption-attachment-58776\" class=\"wp-image-58776\" src=\"http:\/\/vinasfm.com\/noticias\/wp-content\/uploads\/2019\/09\/70446274_1608982742566036_6329416041948512256_o-300x225.jpg\" alt=\"\" width=\"295\" height=\"221\" srcset=\"https:\/\/vinasfm.com\/noticias\/wp-content\/uploads\/2019\/09\/70446274_1608982742566036_6329416041948512256_o-300x225.jpg 300w, https:\/\/vinasfm.com\/noticias\/wp-content\/uploads\/2019\/09\/70446274_1608982742566036_6329416041948512256_o-768x576.jpg 768w, https:\/\/vinasfm.com\/noticias\/wp-content\/uploads\/2019\/09\/70446274_1608982742566036_6329416041948512256_o-1024x768.jpg 1024w, https:\/\/vinasfm.com\/noticias\/wp-content\/uploads\/2019\/09\/70446274_1608982742566036_6329416041948512256_o.jpg 2048w\" sizes=\"auto, (max-width: 295px) 100vw, 295px\" \/><p id=\"caption-attachment-58776\" class=\"wp-caption-text\">Vecinos alvearenses que siguieron en vivo el Debate a trav\u00e9s de una pantalla dispuesta afuera de edificio legislativo.<\/p><\/div>\n<p>Luego del Debate, los candidatos se dirigieron a las sedes de sus respectivos partidos donde fueron recibidos por sus compa\u00f1eros de militancia.<\/p>\n<h5><em>F.B. (F.M. Vi\u00f1as).<\/em><\/h5>\n","protected":false},"excerpt":{"rendered":"<p>Como hab\u00eda sido estipulado, este mi\u00e9rcoles a partir de las 20:30h en el sal\u00f3n \u2018San Mart\u00edn\u2019 del HCD se desarroll\u00f3 el &#8230;<\/p>\n","protected":false},"author":8,"featured_media":58757,"comment_status":"open","ping_status":"open","sticky":false,"template":"","format":"standard","meta":{"footnotes":""},"categories":[1],"tags":[],"class_list":["post-58751","post","type-post","status-publish","format-standard","has-post-thumbnail","hentry","category-fmvinas"],"_links":{"self":[{"href":"https:\/\/vinasfm.com\/noticias\/wp-json\/wp\/v2\/posts\/58751","targetHints":{"allow":["GET"]}}],"collection":[{"href":"https:\/\/vinasfm.com\/noticias\/wp-json\/wp\/v2\/posts"}],"about":[{"href":"https:\/\/vinasfm.com\/noticias\/wp-json\/wp\/v2\/types\/post"}],"author":[{"embeddable":true,"href":"https:\/\/vinasfm.com\/noticias\/wp-json\/wp\/v2\/users\/8"}],"replies":[{"embeddable":true,"href":"https:\/\/vinasfm.com\/noticias\/wp-json\/wp\/v2\/comments?post=58751"}],"version-history":[{"count":2,"href":"https:\/\/vinasfm.com\/noticias\/wp-json\/wp\/v2\/posts\/58751\/revisions"}],"predecessor-version":[{"id":58787,"href":"https:\/\/vinasfm.com\/noticias\/wp-json\/wp\/v2\/posts\/58751\/revisions\/58787"}],"wp:featuredmedia":[{"embeddable":true,"href":"https:\/\/vinasfm.com\/noticias\/wp-json\/wp\/v2\/media\/58757"}],"wp:attachment":[{"href":"https:\/\/vinasfm.com\/noticias\/wp-json\/wp\/v2\/media?parent=58751"}],"wp:term":[{"taxonomy":"category","embeddable":true,"href":"https:\/\/vinasfm.com\/noticias\/wp-json\/wp\/v2\/categories?post=58751"},{"taxonomy":"post_tag","embeddable":true,"href":"https:\/\/vinasfm.com\/noticias\/wp-json\/wp\/v2\/tags?post=58751"}],"curies":[{"name":"wp","href":"https:\/\/api.w.org\/{rel}","templated":true}]}}