{"id":58215,"date":"2019-09-10T00:08:31","date_gmt":"2019-09-10T03:08:31","guid":{"rendered":"http:\/\/vinasfm.com\/noticias\/?p=58215"},"modified":"2019-09-10T00:08:31","modified_gmt":"2019-09-10T03:08:31","slug":"se-busca-garantizar-la-accesibilidad-electoral-de-las-personas-con-discapacidad","status":"publish","type":"post","link":"https:\/\/vinasfm.com\/noticias\/se-busca-garantizar-la-accesibilidad-electoral-de-las-personas-con-discapacidad\/","title":{"rendered":"SE BUSCA GARANTIZAR LA ACCESIBILIDAD ELECTORAL DE LAS PERSONAS CON DISCAPACIDAD"},"content":{"rendered":"<h4 class=\"m_5610353732285961291m_2831491229484046951gmail-MsoNoSpacing\"><strong>Los integrantes de la comisi\u00f3n de Legislaci\u00f3n y Asuntos Constitucionales (LAC), que preside Jorge Albarrac\u00edn (UCR), recibieron al Secretario Electoral de la provincia de Mendoza, Alfredo Puebla, para escuchar sus aportes relacionados a proyectos que buscan garantizar la accesibilidad electoral de todas las personas en situaci\u00f3n de discapacidad, entendiendo esto como todas las medidas necesarias a los fines de asegurar el goce de los derechos pol\u00edticos, espec\u00edficamente el derecho al voto.<\/strong><\/h4>\n<p class=\"m_5610353732285961291m_2831491229484046951gmail-MsoNoSpacing\">Los proyectos de\u00a0 Ley, que han sido acumulados, pertenecen a las diputadas Carina Segovia (PJ) Y Mar\u00eda Cristina P\u00e9rez (PJ), y abogan por la existencia de un Cuarto Oscuro Accesible (COA) para aquellas personas que en relaci\u00f3n a sus condiciones de \u201csalud f\u00edsica, ps\u00edquica, intelectual, sensorial u otras, al interactuar con diversas barreras contextuales, actitudinales y ambientales, presentan restricciones en su participaci\u00f3n plena y activa en la sociedad\u201d.<\/p>\n<p class=\"m_5610353732285961291m_2831491229484046951gmail-MsoNoSpacing\">Las iniciativas de las legisladoras abarcan cualquier situaci\u00f3n de discapacidad, sea motriz, sensorial, mental, intelectual o visceral, o cualquier forma de limitaci\u00f3n sea de desplazamiento, visi\u00f3n, orientaci\u00f3n o comunicaci\u00f3n, pudiendo ser permanente o temporal, visible o invisible.<\/p>\n<p class=\"m_5610353732285961291m_2831491229484046951gmail-MsoNoSpacing\">Al respecto, Puebla se\u00f1al\u00f3 que si bien a nivel nacional \u201cexiste una Ley espec\u00edfica sobre el particular Mendoza no cuenta con una norma de estas caracter\u00edsticas\u201d. A su entender,\u00a0 \u201ces factible concretar una Ley provincial pero se necesita el tiempo que requiere ajustarse a estos requerimientos y el presupuesto adecuado para ponerlo en acci\u00f3n\u201d.<\/p>\n<p class=\"m_5610353732285961291m_2831491229484046951gmail-MsoNoSpacing\">No obstante, aclar\u00f3 que \u201cen Mendoza, de hecho, se promueve que las personas con discapacidad puedan emitir su voto como sujetos\u00a0 de derechos que son \u201c y que lo fundamental es \u201c poder ejercer el derecho al voto\u201d.<\/p>\n<p class=\"m_5610353732285961291m_2831491229484046951gmail-MsoNoSpacing\">El proyecto de la diputada Segovia ampl\u00eda estos beneficios \u201ca los adultos mayores, mujeres embarazadas, personas que sufren lesiones temporales en miembros superiores o inferiores, y aquellas personas en tratamiento m\u00e9dico, aunque estos no sean visibles\u201d (pacientes en di\u00e1lisis, trasplantados, pacientes oncol\u00f3gicos, personas con cardiopat\u00edas, etc.).<\/p>\n<p class=\"m_5610353732285961291m_2831491229484046951gmail-MsoNoSpacing\">El Cuarto Oscuro Accesible seg\u00fan el proyecto de marras deber\u00e1 estar ubicado en lugar de f\u00e1cil acceso y m\u00e1s pr\u00f3ximo al ingreso del establecimiento, el cual deber\u00e1 contar con se\u00f1alizaci\u00f3n espec\u00edfica, pudiendo ser utilizado por cualquier elector en situaci\u00f3n de discapacidad registrado en otra mesa electoral a su s\u00f3lo pedido y \u00a0contar \u00a0con todas las autoridades de mesas necesarias y espec\u00edficas para dicho Cuarto Oscuro, debiendo ser instruidas las mismas en lo que respecta a la informaci\u00f3n y asistencia a personas en situaci\u00f3n de discapacidad.<\/p>\n<p class=\"m_5610353732285961291m_2831491229484046951gmail-MsoNoSpacing\">En el mismo sentido se expresa el proyecto de la diputada P\u00e9rez, pero regulando de manera espec\u00edfica los procedimientos tal cual la redacci\u00f3n de la \u00a0Ley Nacional.<\/p>\n<p class=\"m_5610353732285961291m_2831491229484046951gmail-MsoNoSpacing\">En este punto Puebla se mostr\u00f3 partidario de que el proyecto \u201csea reglamentarista porque si no lo hacemos de ese modo ser\u00e1 el Poder Ejecutivo quien deber\u00e1 realizar la reglamentaci\u00f3n y podr\u00eda demorar su puesta en marcha\u201c.<\/p>\n<p class=\"m_5610353732285961291m_2831491229484046951gmail-MsoNoSpacing\">Seg\u00fan el presidente de de LAC, los proyectos seguir\u00e1n en tratamiento en comisi\u00f3n hasta obtener un despacho favorable.<\/p>\n<h5><em>F.B. (F.M. Vi\u00f1as).<\/em><\/h5>\n","protected":false},"excerpt":{"rendered":"<p>Los integrantes de la comisi\u00f3n de Legislaci\u00f3n y Asuntos Constitucionales (LAC), que preside Jorge Albarrac\u00edn (UCR), recibieron al Secretario Electoral de &#8230;<\/p>\n","protected":false},"author":8,"featured_media":50698,"comment_status":"open","ping_status":"open","sticky":false,"template":"","format":"standard","meta":{"footnotes":""},"categories":[5,45],"tags":[],"class_list":["post-58215","post","type-post","status-publish","format-standard","has-post-thumbnail","hentry","category-actualidad","category-diputados"],"_links":{"self":[{"href":"https:\/\/vinasfm.com\/noticias\/wp-json\/wp\/v2\/posts\/58215","targetHints":{"allow":["GET"]}}],"collection":[{"href":"https:\/\/vinasfm.com\/noticias\/wp-json\/wp\/v2\/posts"}],"about":[{"href":"https:\/\/vinasfm.com\/noticias\/wp-json\/wp\/v2\/types\/post"}],"author":[{"embeddable":true,"href":"https:\/\/vinasfm.com\/noticias\/wp-json\/wp\/v2\/users\/8"}],"replies":[{"embeddable":true,"href":"https:\/\/vinasfm.com\/noticias\/wp-json\/wp\/v2\/comments?post=58215"}],"version-history":[{"count":1,"href":"https:\/\/vinasfm.com\/noticias\/wp-json\/wp\/v2\/posts\/58215\/revisions"}],"predecessor-version":[{"id":58216,"href":"https:\/\/vinasfm.com\/noticias\/wp-json\/wp\/v2\/posts\/58215\/revisions\/58216"}],"wp:featuredmedia":[{"embeddable":true,"href":"https:\/\/vinasfm.com\/noticias\/wp-json\/wp\/v2\/media\/50698"}],"wp:attachment":[{"href":"https:\/\/vinasfm.com\/noticias\/wp-json\/wp\/v2\/media?parent=58215"}],"wp:term":[{"taxonomy":"category","embeddable":true,"href":"https:\/\/vinasfm.com\/noticias\/wp-json\/wp\/v2\/categories?post=58215"},{"taxonomy":"post_tag","embeddable":true,"href":"https:\/\/vinasfm.com\/noticias\/wp-json\/wp\/v2\/tags?post=58215"}],"curies":[{"name":"wp","href":"https:\/\/api.w.org\/{rel}","templated":true}]}}