{"id":58195,"date":"2019-09-09T12:17:37","date_gmt":"2019-09-09T15:17:37","guid":{"rendered":"http:\/\/vinasfm.com\/noticias\/?p=58195"},"modified":"2019-09-09T12:17:37","modified_gmt":"2019-09-09T15:17:37","slug":"hospitalizaron-a-un-motociclista-tras-colisionar-contra-un-vehiculo","status":"publish","type":"post","link":"https:\/\/vinasfm.com\/noticias\/hospitalizaron-a-un-motociclista-tras-colisionar-contra-un-vehiculo\/","title":{"rendered":"HOSPITALIZARON A UN MOTOCICLISTA TRAS COLISIONAR CONTRA UN VEH\u00cdCULO"},"content":{"rendered":"<h4><strong>Un motociclista sufri\u00f3 severas lesiones tras protagonizar un siniestro vial junto con un veh\u00edculo con el que colisionaron en calle 10 casi \u201cD\u201d en horas de la tarde este s\u00e1bado.<\/strong><\/h4>\n<p>Aproximadamente a las <strong>17:40h del s\u00e1bado<\/strong>, un <strong>Renault 12<\/strong>, de color verde, <strong>circulaba<\/strong> <strong>por calle 10<\/strong> de norte a sur al mando de un <strong>hombre de 43 a\u00f1os<\/strong> y <strong>colision\u00f3 contra un motocicleta marca Corven<\/strong>&#8211; se desconoce cilindrada ya que la misma se encuentra muy da\u00f1ada- la que <strong>circulaba saliendo de un domicilio particular sobre el costado este de calle 10<\/strong>.<\/p>\n<p>A ra\u00edz del impacto, <strong>el conductor<\/strong> (<strong>20<\/strong>) del rodado menor fue trasladado al nosocomio local donde le diagnosticaron <strong><em>fractura expuesta de tobillo izquierdo <\/em><\/strong>y de<strong><em> maxilar<\/em><\/strong> por lo que qued\u00f3 internado.<\/p>\n<h5><em>F.B. (F.M. Vi\u00f1as).<\/em><\/h5>\n","protected":false},"excerpt":{"rendered":"<p>Un motociclista sufri\u00f3 severas lesiones tras protagonizar un siniestro vial junto con un veh\u00edculo con el que colisionaron en calle 10 &#8230;<\/p>\n","protected":false},"author":8,"featured_media":37045,"comment_status":"open","ping_status":"open","sticky":false,"template":"","format":"standard","meta":{"footnotes":""},"categories":[5,4],"tags":[],"class_list":["post-58195","post","type-post","status-publish","format-standard","has-post-thumbnail","hentry","category-actualidad","category-policiales"],"_links":{"self":[{"href":"https:\/\/vinasfm.com\/noticias\/wp-json\/wp\/v2\/posts\/58195","targetHints":{"allow":["GET"]}}],"collection":[{"href":"https:\/\/vinasfm.com\/noticias\/wp-json\/wp\/v2\/posts"}],"about":[{"href":"https:\/\/vinasfm.com\/noticias\/wp-json\/wp\/v2\/types\/post"}],"author":[{"embeddable":true,"href":"https:\/\/vinasfm.com\/noticias\/wp-json\/wp\/v2\/users\/8"}],"replies":[{"embeddable":true,"href":"https:\/\/vinasfm.com\/noticias\/wp-json\/wp\/v2\/comments?post=58195"}],"version-history":[{"count":1,"href":"https:\/\/vinasfm.com\/noticias\/wp-json\/wp\/v2\/posts\/58195\/revisions"}],"predecessor-version":[{"id":58196,"href":"https:\/\/vinasfm.com\/noticias\/wp-json\/wp\/v2\/posts\/58195\/revisions\/58196"}],"wp:featuredmedia":[{"embeddable":true,"href":"https:\/\/vinasfm.com\/noticias\/wp-json\/wp\/v2\/media\/37045"}],"wp:attachment":[{"href":"https:\/\/vinasfm.com\/noticias\/wp-json\/wp\/v2\/media?parent=58195"}],"wp:term":[{"taxonomy":"category","embeddable":true,"href":"https:\/\/vinasfm.com\/noticias\/wp-json\/wp\/v2\/categories?post=58195"},{"taxonomy":"post_tag","embeddable":true,"href":"https:\/\/vinasfm.com\/noticias\/wp-json\/wp\/v2\/tags?post=58195"}],"curies":[{"name":"wp","href":"https:\/\/api.w.org\/{rel}","templated":true}]}}