{"id":58186,"date":"2019-09-09T12:05:59","date_gmt":"2019-09-09T15:05:59","guid":{"rendered":"http:\/\/vinasfm.com\/noticias\/?p=58186"},"modified":"2019-09-09T12:05:59","modified_gmt":"2019-09-09T15:05:59","slug":"un-vehiculo-y-una-moto-impactaron-en-calle-patricias-mendocinas","status":"publish","type":"post","link":"https:\/\/vinasfm.com\/noticias\/un-vehiculo-y-una-moto-impactaron-en-calle-patricias-mendocinas\/","title":{"rendered":"UN VEH\u00cdCULO Y UNA MOTO IMPACTARON EN CALLE PATRICIAS MENDOCINAS"},"content":{"rendered":"<h4><strong>Este s\u00e1bado cerca de las 17:30h una motocicleta y un veh\u00edculo protagonizaron un accidente vial en la intersecci\u00f3n de calles Patricias Mendocinas y Pasaje Berg\u00f3s.<\/strong><\/h4>\n<p>De acuerdo a lo indicado por Polic\u00eda Vial, un <strong>VW Gold Trend<\/strong> al mando de un ciudadano de 38 a\u00f1os que se dirig\u00eda por <strong>Pasaje Berg\u00f3s<\/strong> de este a oeste y, por razones que se tratan de establecer, colision\u00f3 contra una <strong>Motomel 110cc,<\/strong> en la que circulaba un hombre de 27 a\u00f1os.<\/p>\n<p>Producto del incidente, el conductor del rodado menor fue trasladado al <strong>Hospital \u201cEnfermeros Argentinos\u201d<\/strong> donde le diagnosticaron <strong>traumatismo de muslo derecho<\/strong>. Recibi\u00f3 el alta m\u00e9dica en horas posteriores.<\/p>\n<h5><em>F.B. (F.M. Vi\u00f1as).<\/em><\/h5>\n","protected":false},"excerpt":{"rendered":"<p>Este s\u00e1bado cerca de las 17:30h una motocicleta y un veh\u00edculo protagonizaron un accidente vial en la intersecci\u00f3n de calles Patricias &#8230;<\/p>\n","protected":false},"author":8,"featured_media":19311,"comment_status":"open","ping_status":"open","sticky":false,"template":"","format":"standard","meta":{"footnotes":""},"categories":[5,4],"tags":[],"class_list":["post-58186","post","type-post","status-publish","format-standard","has-post-thumbnail","hentry","category-actualidad","category-policiales"],"_links":{"self":[{"href":"https:\/\/vinasfm.com\/noticias\/wp-json\/wp\/v2\/posts\/58186","targetHints":{"allow":["GET"]}}],"collection":[{"href":"https:\/\/vinasfm.com\/noticias\/wp-json\/wp\/v2\/posts"}],"about":[{"href":"https:\/\/vinasfm.com\/noticias\/wp-json\/wp\/v2\/types\/post"}],"author":[{"embeddable":true,"href":"https:\/\/vinasfm.com\/noticias\/wp-json\/wp\/v2\/users\/8"}],"replies":[{"embeddable":true,"href":"https:\/\/vinasfm.com\/noticias\/wp-json\/wp\/v2\/comments?post=58186"}],"version-history":[{"count":1,"href":"https:\/\/vinasfm.com\/noticias\/wp-json\/wp\/v2\/posts\/58186\/revisions"}],"predecessor-version":[{"id":58194,"href":"https:\/\/vinasfm.com\/noticias\/wp-json\/wp\/v2\/posts\/58186\/revisions\/58194"}],"wp:featuredmedia":[{"embeddable":true,"href":"https:\/\/vinasfm.com\/noticias\/wp-json\/wp\/v2\/media\/19311"}],"wp:attachment":[{"href":"https:\/\/vinasfm.com\/noticias\/wp-json\/wp\/v2\/media?parent=58186"}],"wp:term":[{"taxonomy":"category","embeddable":true,"href":"https:\/\/vinasfm.com\/noticias\/wp-json\/wp\/v2\/categories?post=58186"},{"taxonomy":"post_tag","embeddable":true,"href":"https:\/\/vinasfm.com\/noticias\/wp-json\/wp\/v2\/tags?post=58186"}],"curies":[{"name":"wp","href":"https:\/\/api.w.org\/{rel}","templated":true}]}}