{"id":58166,"date":"2019-09-09T08:14:36","date_gmt":"2019-09-09T11:14:36","guid":{"rendered":"http:\/\/vinasfm.com\/noticias\/?p=58166"},"modified":"2019-09-10T08:51:57","modified_gmt":"2019-09-10T11:51:57","slug":"robaron-dos-motos-110cc-en-una-vivienda-del-b-san-carlos","status":"publish","type":"post","link":"https:\/\/vinasfm.com\/noticias\/robaron-dos-motos-110cc-en-una-vivienda-del-b-san-carlos\/","title":{"rendered":"ROBARON DOS MOTOS 110CC EN UNA VIVIENDA DEL B\u00b0 SAN CARLOS"},"content":{"rendered":"<h4><strong>En horas de la ma\u00f1ana de este domingo se registr\u00f3 la sustracci\u00f3n de dos motos 110cc que se encontraban en la entrada de una vivienda del Barrio San Carlos.<\/strong><\/h4>\n<p>Seg\u00fan detall\u00f3 el <strong>Comisario Modesto Bravo<\/strong>, ambos rodados <strong>se encontraban en el ingreso de una propiedad ubicada en calle Chacabuco<\/strong> de Ciudad y cuando las victimas salieron en b\u00fasqueda de las movilidades constataron su faltante. Se radic\u00f3 la denuncia en Comisar\u00eda 14\u00b0 por lo que est\u00e1 trabajando con personal de <strong>Investigaciones<\/strong>.<\/p>\n<p>\u201c<em>Se realizar\u00e1n medidas judiciales en las pr\u00f3ximas horas en relaci\u00f3n a este hecho. <strong>Por el momento no hay detenidos ni secuestros<\/strong><\/em>\u201d, asever\u00f3 Bravo a F.M. Vi\u00f1as.<\/p>\n<h5><em>F.B. (F.M. Vi\u00f1as).<\/em><\/h5>\n","protected":false},"excerpt":{"rendered":"<p>En horas de la ma\u00f1ana de este domingo se registr\u00f3 la sustracci\u00f3n de dos motos 110cc que se encontraban en la &#8230;<\/p>\n","protected":false},"author":8,"featured_media":55306,"comment_status":"open","ping_status":"open","sticky":false,"template":"","format":"standard","meta":{"footnotes":""},"categories":[5,4],"tags":[],"class_list":["post-58166","post","type-post","status-publish","format-standard","has-post-thumbnail","hentry","category-actualidad","category-policiales"],"_links":{"self":[{"href":"https:\/\/vinasfm.com\/noticias\/wp-json\/wp\/v2\/posts\/58166","targetHints":{"allow":["GET"]}}],"collection":[{"href":"https:\/\/vinasfm.com\/noticias\/wp-json\/wp\/v2\/posts"}],"about":[{"href":"https:\/\/vinasfm.com\/noticias\/wp-json\/wp\/v2\/types\/post"}],"author":[{"embeddable":true,"href":"https:\/\/vinasfm.com\/noticias\/wp-json\/wp\/v2\/users\/8"}],"replies":[{"embeddable":true,"href":"https:\/\/vinasfm.com\/noticias\/wp-json\/wp\/v2\/comments?post=58166"}],"version-history":[{"count":1,"href":"https:\/\/vinasfm.com\/noticias\/wp-json\/wp\/v2\/posts\/58166\/revisions"}],"predecessor-version":[{"id":58170,"href":"https:\/\/vinasfm.com\/noticias\/wp-json\/wp\/v2\/posts\/58166\/revisions\/58170"}],"wp:featuredmedia":[{"embeddable":true,"href":"https:\/\/vinasfm.com\/noticias\/wp-json\/wp\/v2\/media\/55306"}],"wp:attachment":[{"href":"https:\/\/vinasfm.com\/noticias\/wp-json\/wp\/v2\/media?parent=58166"}],"wp:term":[{"taxonomy":"category","embeddable":true,"href":"https:\/\/vinasfm.com\/noticias\/wp-json\/wp\/v2\/categories?post=58166"},{"taxonomy":"post_tag","embeddable":true,"href":"https:\/\/vinasfm.com\/noticias\/wp-json\/wp\/v2\/tags?post=58166"}],"curies":[{"name":"wp","href":"https:\/\/api.w.org\/{rel}","templated":true}]}}