{"id":58142,"date":"2019-09-09T09:02:05","date_gmt":"2019-09-09T12:02:05","guid":{"rendered":"http:\/\/vinasfm.com\/noticias\/?p=58142"},"modified":"2019-09-10T07:32:21","modified_gmt":"2019-09-10T10:32:21","slug":"con-la-visita-de-cornejo-marcolini-arranca-la-semana-con-inauguraciones","status":"publish","type":"post","link":"https:\/\/vinasfm.com\/noticias\/con-la-visita-de-cornejo-marcolini-arranca-la-semana-con-inauguraciones\/","title":{"rendered":"CON LA VISITA DE CORNEJO, MARCOLINI ARRANCA LA SEMANA CON INAUGURACIONES"},"content":{"rendered":"<h4><strong>Cerca del mediod\u00eda el Gobernador Alfredo Cornejo llegar\u00e1 a General Alvear para inaugurar dos obras en el distrito de Carmensa.<\/strong><\/h4>\n<p>La primera, ser\u00e1 alrededor de las 13 horas y se trata de la<strong> reparaci\u00f3n y repavimentaci\u00f3n de 114 kil\u00f3metros de la Ruta Nacional 143<\/strong> entre San Pedro del Atuel y el \u201cCristo de Las Paredes\u201d en San Rafael.<\/p>\n<p>A las 14:30 horas, se <strong>entregar\u00e1n las 10 viviendas del B\u00b0 Carmensa IV, <\/strong>edificadas a trav\u00e9s del \u00a0programa Mendoza Construye. Las casas entran por el Plan 1, destinado a personas d ebajos recursos, lo que\u00a0 significa que la cuota no puede superar dos sueldos m\u00ednimos vital y m\u00f3vil.<\/p>\n<p>Los lotes son de 210m2, mientras que las casas poseen 62m2,\u00a0 de los cuales 56m2 son cubiertos y 6m2 de aleros. Posee un sistema constructivo tradicional hasta el techo y cubierta industrializada liviana de chapa auto portante con aislaci\u00f3n de poliuretano y chapa inferior pre pintada. La urbanizaci\u00f3n estuvo a cargo del municipio.<\/p>\n<p>Durante el<strong> jueves<\/strong> las inauguraciones se centraran en el distrito de <strong>Bowen,<\/strong> donde aprovechando el aniversario 107\u00b0, se pondr\u00e1 en marcha el a<strong>cueducto ganadero Bowen \u2013 Canalejas y la entrega de la Escuela Luis Morzone.<\/strong><\/p>\n<p><strong>El s\u00e1bado 14, 15 d\u00edas antes de las elecciones generales, comienza a regir la veda electoral que no permite actos de inauguraciones, con el fin de no interceder en la voluntad de los votantes.<\/strong><\/p>\n<h5><em><strong>A.C.<\/strong><\/em><\/h5>\n","protected":false},"excerpt":{"rendered":"<p>Cerca del mediod\u00eda el Gobernador Alfredo Cornejo llegar\u00e1 a General Alvear para inaugurar dos obras en el distrito de Carmensa. La &#8230;<\/p>\n","protected":false},"author":7,"featured_media":58145,"comment_status":"open","ping_status":"open","sticky":false,"template":"","format":"standard","meta":{"footnotes":""},"categories":[5,7],"tags":[],"class_list":["post-58142","post","type-post","status-publish","format-standard","has-post-thumbnail","hentry","category-actualidad","category-politica"],"_links":{"self":[{"href":"https:\/\/vinasfm.com\/noticias\/wp-json\/wp\/v2\/posts\/58142","targetHints":{"allow":["GET"]}}],"collection":[{"href":"https:\/\/vinasfm.com\/noticias\/wp-json\/wp\/v2\/posts"}],"about":[{"href":"https:\/\/vinasfm.com\/noticias\/wp-json\/wp\/v2\/types\/post"}],"author":[{"embeddable":true,"href":"https:\/\/vinasfm.com\/noticias\/wp-json\/wp\/v2\/users\/7"}],"replies":[{"embeddable":true,"href":"https:\/\/vinasfm.com\/noticias\/wp-json\/wp\/v2\/comments?post=58142"}],"version-history":[{"count":1,"href":"https:\/\/vinasfm.com\/noticias\/wp-json\/wp\/v2\/posts\/58142\/revisions"}],"predecessor-version":[{"id":58146,"href":"https:\/\/vinasfm.com\/noticias\/wp-json\/wp\/v2\/posts\/58142\/revisions\/58146"}],"wp:featuredmedia":[{"embeddable":true,"href":"https:\/\/vinasfm.com\/noticias\/wp-json\/wp\/v2\/media\/58145"}],"wp:attachment":[{"href":"https:\/\/vinasfm.com\/noticias\/wp-json\/wp\/v2\/media?parent=58142"}],"wp:term":[{"taxonomy":"category","embeddable":true,"href":"https:\/\/vinasfm.com\/noticias\/wp-json\/wp\/v2\/categories?post=58142"},{"taxonomy":"post_tag","embeddable":true,"href":"https:\/\/vinasfm.com\/noticias\/wp-json\/wp\/v2\/tags?post=58142"}],"curies":[{"name":"wp","href":"https:\/\/api.w.org\/{rel}","templated":true}]}}