{"id":58053,"date":"2019-09-09T05:00:01","date_gmt":"2019-09-09T08:00:01","guid":{"rendered":"http:\/\/vinasfm.com\/noticias\/?p=58053"},"modified":"2019-09-09T09:18:03","modified_gmt":"2019-09-09T12:18:03","slug":"ofrecen-recompensa-a-cambio-de-la-devolucion-de-un-equipo-de-medicion-corporal-que-fue-robado","status":"publish","type":"post","link":"https:\/\/vinasfm.com\/noticias\/ofrecen-recompensa-a-cambio-de-la-devolucion-de-un-equipo-de-medicion-corporal-que-fue-robado\/","title":{"rendered":"OFRECEN RECOMPENSA A CAMBIO DE LA DEVOLUCI\u00d3N DE UN EQUIPO DE MEDICI\u00d3N CORPORAL QUE FUE ROBADO"},"content":{"rendered":"<h4><strong>El pasado 29 de junio se registr\u00f3 un il\u00edcito contra la propiedad en el Barrio Bardaro. Del interior de la vivienda sustrajeron un costoso equipo espec\u00edfico de medici\u00f3n corporal nutricional perteneciente a una de las v\u00edctimas que ofrecen recompensa a cambio de la devoluci\u00f3n del instrumento.<\/strong><\/h4>\n<p><strong>Mart\u00edn Medrano<\/strong> explic\u00f3 a <strong><em>F.M. Vi\u00f1as<\/em><\/strong> que en momentos en que se ausentaron de la vivienda por aproximadamente 1 hora y media, los malvivientes ingresaron por el patio y tras violentar la reja de una de las habitaciones sustrajeron ropas varias, anillos, dinero en efectivo y el equipo de medici\u00f3n que utiliza la damnificada que es Nutricionista. \u201c<strong><em>Al no tener el software y la llave del equipo es imposible que lo puedan usar<\/em><\/strong>\u201d, asever\u00f3 Medrano.<\/p>\n<p>Si bien trabaj\u00f3 en el lugar personal de Polic\u00eda Cient\u00edfica y efectivos de Comisar\u00eda 14\u00b0 no se ha tenido datos sobre los autores del il\u00edcito por lo que, actualmente, <strong>la pareja ofrece una recompensa de $20.000 a quien posea el equipo y lo devuelva<\/strong>.<\/p>\n<p>Se encuentran habilitados dos tel\u00e9fonos de contactos para brindar informaci\u00f3n<\/p>\n<ul>\n<li><strong>2625 453174<\/strong><\/li>\n<li><strong>2625 574725<\/strong><\/li>\n<\/ul>\n<h5><em>F.B. (F.M. Vi\u00f1as).<\/em><\/h5>\n","protected":false},"excerpt":{"rendered":"<p>El pasado 29 de junio se registr\u00f3 un il\u00edcito contra la propiedad en el Barrio Bardaro. Del interior de la vivienda &#8230;<\/p>\n","protected":false},"author":8,"featured_media":58062,"comment_status":"open","ping_status":"open","sticky":false,"template":"","format":"standard","meta":{"footnotes":""},"categories":[5,10],"tags":[],"class_list":["post-58053","post","type-post","status-publish","format-standard","has-post-thumbnail","hentry","category-actualidad","category-destacadas"],"_links":{"self":[{"href":"https:\/\/vinasfm.com\/noticias\/wp-json\/wp\/v2\/posts\/58053","targetHints":{"allow":["GET"]}}],"collection":[{"href":"https:\/\/vinasfm.com\/noticias\/wp-json\/wp\/v2\/posts"}],"about":[{"href":"https:\/\/vinasfm.com\/noticias\/wp-json\/wp\/v2\/types\/post"}],"author":[{"embeddable":true,"href":"https:\/\/vinasfm.com\/noticias\/wp-json\/wp\/v2\/users\/8"}],"replies":[{"embeddable":true,"href":"https:\/\/vinasfm.com\/noticias\/wp-json\/wp\/v2\/comments?post=58053"}],"version-history":[{"count":2,"href":"https:\/\/vinasfm.com\/noticias\/wp-json\/wp\/v2\/posts\/58053\/revisions"}],"predecessor-version":[{"id":58086,"href":"https:\/\/vinasfm.com\/noticias\/wp-json\/wp\/v2\/posts\/58053\/revisions\/58086"}],"wp:featuredmedia":[{"embeddable":true,"href":"https:\/\/vinasfm.com\/noticias\/wp-json\/wp\/v2\/media\/58062"}],"wp:attachment":[{"href":"https:\/\/vinasfm.com\/noticias\/wp-json\/wp\/v2\/media?parent=58053"}],"wp:term":[{"taxonomy":"category","embeddable":true,"href":"https:\/\/vinasfm.com\/noticias\/wp-json\/wp\/v2\/categories?post=58053"},{"taxonomy":"post_tag","embeddable":true,"href":"https:\/\/vinasfm.com\/noticias\/wp-json\/wp\/v2\/tags?post=58053"}],"curies":[{"name":"wp","href":"https:\/\/api.w.org\/{rel}","templated":true}]}}