{"id":57990,"date":"2019-09-05T10:14:32","date_gmt":"2019-09-05T13:14:32","guid":{"rendered":"http:\/\/vinasfm.com\/noticias\/?p=57990"},"modified":"2019-09-06T10:01:43","modified_gmt":"2019-09-06T13:01:43","slug":"cristian-gonzalez-presento-el-proyecto-de-desarrollo-consuma-alvear","status":"publish","type":"post","link":"https:\/\/vinasfm.com\/noticias\/cristian-gonzalez-presento-el-proyecto-de-desarrollo-consuma-alvear\/","title":{"rendered":"CRISTIAN GONZ\u00c1LEZ PRESENT\u00d3 EL PROYECTO DE DESARROLLO \u00abCONSUMA ALVEAR\u00bb"},"content":{"rendered":"<p><strong>En la noche de ayer, el candidato a Intendente por el PJ Cristian Gonz\u00e1lez, present\u00f3 algunas de sus propuestas y proyectos de gesti\u00f3n relacionados al sector productivo, en caso de ganar las elecciones del pr\u00f3ximo 29 de septiembre.<\/strong><\/p>\n<p>\u201c<em>Hace 4 meses que venimos recorriendo el agro y lo que vemos es que hay una triste realidad. Hay una cadena bastante compleja en la que hay que trabajar, con el peque\u00f1o productor que es el que m\u00e1s problemas tiene\u201d,<\/em> se\u00f1al\u00f3 Gonz\u00e1lez.<\/p>\n<p>\u201c<em>No es de este gobierno solamente, viene de hace mucho tiempo y creo que hay que ponerse a trabajar y darle las condiciones\u201d<\/em>, sostuvo el ex Legislador y funcionario.<\/p>\n<p>El proyecto propuesto se denomina \u201c<strong>Consuma Alvear\u201d,<\/strong> \u201c<em>creemos que tenemos que concientizar a los alvearenses que tenemos que empezar a consumir lo nuestro y que Argentina consuma lo nuestro\u201d<\/em>. <strong>El programa de desarrollo econ\u00f3mico departamental, integrar\u00eda desde la producci\u00f3n primaria hasta la g\u00f3ndola.<\/strong><\/p>\n<p>Seg\u00fan se\u00f1alaron desde el equipo t\u00e9cnico del candidato,<strong> la idea es trabajar con la fruta que proporcione el productor, acondicionarla a trav\u00e9s de la industria que ya hay instalada en el departamento y generar un centro comercial de log\u00edstica y distribuci\u00f3n a nivel nacional que sirva como plataforma para ampliar la demanda y lograr acortar la\u00a0 cadena<\/strong>. El programa se desarrollar\u00eda mediante convenios entre los diferentes actores.<\/p>\n<p>En otro punto Cristian Gonz\u00e1lez se refiri\u00f3\u00a0 al F<strong>ondo de la Transformaci\u00f3n,<\/strong> <em>\u201cqued\u00f3 chico y hay que trabaja con una agencia provincial para que se financie con el BID, con el exterior, que tenga recursos de la naci\u00f3n\u201d<\/em>.<\/p>\n<p>En referencia al tema Portezuelo, luego de que referentes provinciales de su partido cuestionaran la obra de Portezuelo del Viento, indic\u00f3 que \u201c<em><strong>la soluci\u00f3n de este oasis es el trasvase del R\u00edo Grande al Atuel. A Portezuelo no nos oponemos pero la verdad es que no nos beneficia en nada<\/strong> y la crisis h\u00eddrica viene para quedarse. Hay que trabajar para tener m\u00e1s agua\u201d.<\/em><\/p>\n<p><em>\u201cSi se hace el trasvase vamos a solucionar el problema del sur. No se hab\u00eda planteado esto ni desde las instituciones intermedias, ni desde la pol\u00edtica, que se haya dejado afuera el trasvase\u201d<\/em>, a\u00f1adi\u00f3.<\/p>\n<p>\u201c<em>Si Alberto, <\/em>(por Fern\u00e1ndez)<em> es presidente me confirm\u00f3 que va a poner el trasvase del Grande al Atuel<\/em>\u201d, complet\u00f3.<\/p>\n<h5><strong><em>A.C.<\/em><\/strong><\/h5>\n","protected":false},"excerpt":{"rendered":"<p>En la noche de ayer, el candidato a Intendente por el PJ Cristian Gonz\u00e1lez, present\u00f3 algunas de sus propuestas y proyectos &#8230;<\/p>\n","protected":false},"author":7,"featured_media":58019,"comment_status":"open","ping_status":"open","sticky":false,"template":"","format":"standard","meta":{"footnotes":""},"categories":[5,40,7],"tags":[],"class_list":["post-57990","post","type-post","status-publish","format-standard","has-post-thumbnail","hentry","category-actualidad","category-campana-electoral","category-politica"],"_links":{"self":[{"href":"https:\/\/vinasfm.com\/noticias\/wp-json\/wp\/v2\/posts\/57990","targetHints":{"allow":["GET"]}}],"collection":[{"href":"https:\/\/vinasfm.com\/noticias\/wp-json\/wp\/v2\/posts"}],"about":[{"href":"https:\/\/vinasfm.com\/noticias\/wp-json\/wp\/v2\/types\/post"}],"author":[{"embeddable":true,"href":"https:\/\/vinasfm.com\/noticias\/wp-json\/wp\/v2\/users\/7"}],"replies":[{"embeddable":true,"href":"https:\/\/vinasfm.com\/noticias\/wp-json\/wp\/v2\/comments?post=57990"}],"version-history":[{"count":1,"href":"https:\/\/vinasfm.com\/noticias\/wp-json\/wp\/v2\/posts\/57990\/revisions"}],"predecessor-version":[{"id":58001,"href":"https:\/\/vinasfm.com\/noticias\/wp-json\/wp\/v2\/posts\/57990\/revisions\/58001"}],"wp:featuredmedia":[{"embeddable":true,"href":"https:\/\/vinasfm.com\/noticias\/wp-json\/wp\/v2\/media\/58019"}],"wp:attachment":[{"href":"https:\/\/vinasfm.com\/noticias\/wp-json\/wp\/v2\/media?parent=57990"}],"wp:term":[{"taxonomy":"category","embeddable":true,"href":"https:\/\/vinasfm.com\/noticias\/wp-json\/wp\/v2\/categories?post=57990"},{"taxonomy":"post_tag","embeddable":true,"href":"https:\/\/vinasfm.com\/noticias\/wp-json\/wp\/v2\/tags?post=57990"}],"curies":[{"name":"wp","href":"https:\/\/api.w.org\/{rel}","templated":true}]}}