{"id":57962,"date":"2019-09-05T07:50:15","date_gmt":"2019-09-05T10:50:15","guid":{"rendered":"http:\/\/vinasfm.com\/noticias\/?p=57962"},"modified":"2019-09-05T08:59:13","modified_gmt":"2019-09-05T11:59:13","slug":"diputados-dio-media-sancion-a-la-regulacion-de-los-jardines-maternales-de-la-provincia","status":"publish","type":"post","link":"https:\/\/vinasfm.com\/noticias\/diputados-dio-media-sancion-a-la-regulacion-de-los-jardines-maternales-de-la-provincia\/","title":{"rendered":"DIPUTADOS DIO MEDIA SANCI\u00d3N A LA REGULACI\u00d3N DE LOS JARDINES MATERNALES DE LA PROVINCIA"},"content":{"rendered":"<h4 class=\"m_2208492833335853590m_8228710890449311741gmail-MsoNoSpacing\"><strong>La C\u00e1mara de Diputados, por unanimidad, dio media sanci\u00f3n al proyecto de Ley de Carlos Bianchinelli (PJ), Cecilia Rodr\u00edguez (UCR) y Tamara Salom\u00f3n (UCR), por el cual se regulan los jardines maternales y se crea el Registro \u00danico de estas instituciones en la provincia.<\/strong><\/h4>\n<p class=\"m_2208492833335853590m_8228710890449311741gmail-MsoNoSpacing\">El objetivo es \u201c<em>regular el funcionamiento de las Instituciones de Atenci\u00f3n Temprana Privadas y\/o Jardines Maternales Privados, de car\u00e1cter educativo &#8211; asistencial, que tengan como fin la atenci\u00f3n integral de ni\u00f1as y ni\u00f1os desde los 45 d\u00edas hasta los 3 a\u00f1os inclusive, al momento de la inscripci\u00f3n<\/em>\u201d, se\u00f1ala el texto legislativo.<\/p>\n<p class=\"m_2208492833335853590m_8228710890449311741gmail-MsoNoSpacing\">Se entiende por <strong>Instituciones de Atenci\u00f3n Temprana Privadas y\/o Jardines Maternales Privados<\/strong> a aquellas \u201c<em>no incorporadas a la ense\u00f1anza oficial de la Provincia de Mendoza y por lo tanto a todas aquellas cuya gesti\u00f3n sea de car\u00e1cter privado, cooperativo y\/o social,\u00a0 ya sean que pertenezcan a organizaciones con o sin fines de lucro, organizaciones intermedias, sociedades civiles, gremios, sindicatos, cooperativas, organizaciones no gubernamentales, organizaciones barriales, universidades, comunitarias y otras similares\u201d<\/em>.<\/p>\n<p class=\"m_2208492833335853590m_8228710890449311741gmail-MsoNoSpacing\"><strong>La autoridad de aplicaci\u00f3n ser\u00e1 la Direcci\u00f3n General de Escuelas<\/strong>, quien tendr\u00e1 a su cargo la potestad de inspecci\u00f3n, funcionamiento, contralor y\u00a0 supervisi\u00f3n pedag\u00f3gica,\u00a0 contralor administrativo y t\u00e9cnico de estas instituciones, quedando exceptuadas de dicho control las relaciones laborales, dada la naturaleza de las mismas al constituirse como una relaci\u00f3n laboral privada entre las partes, \u201c<em>las que estar\u00e1n sujetas a las normativas del Derecho Laboral, Previsional y la Seguridad Social vigentes<\/em>\u201d.<\/p>\n<p class=\"m_2208492833335853590m_8228710890449311741gmail-MsoNoSpacing\">Asimismo, se crea en el \u00e1mbito de la DGE el <strong>Registro \u00danico de Instituciones Privadas de Educaci\u00f3n Maternal y\/o Atenci\u00f3n Temprana<\/strong>, que tendr\u00e1 por objeto llevar un listado de todas las instituciones de car\u00e1cter educativo-asistencial, que tengan como fin la <strong>atenci\u00f3n integral de ni\u00f1as y ni\u00f1os desde los 45 d\u00edas hasta los 3 a\u00f1os inclusive<\/strong>, que funcionen en la provincia.<\/p>\n<p class=\"m_2208492833335853590m_8228710890449311741gmail-MsoNoSpacing\">Para ello, <strong>los establecimientos alcanzados por la presente Ley deber\u00e1n inscribirse en forma obligatoria y como condici\u00f3n previa al inicio de sus actividades en este Registro<\/strong>, que ser\u00e1 de consulta p\u00fablica y gratuita en la <em>p\u00e1gina web<\/em> de la <strong>Direcci\u00f3n General de Escuelas<\/strong>.<\/p>\n<p class=\"m_2208492833335853590m_8228710890449311741gmail-MsoNoSpacing\">Dichas instituciones <strong>deber\u00e1n colocar un letrero en sus respectivos frentes y en lugar visible<\/strong>, con las siguientes especificaciones: <em><strong>denominaci\u00f3n, nombre de la instituci\u00f3n, n\u00famero de inscripci\u00f3n en el Registro, titular de la instituci\u00f3n, n\u00fameros telef\u00f3nicos gubernamentales a disposici\u00f3n de padres, madres, tutores<\/strong><\/em>, a fin de realizar denuncias en caso de corresponder.<\/p>\n<p class=\"m_2208492833335853590m_8228710890449311741gmail-MsoNoSpacing\"><b>OBLIGACIONES DE LAS INSTITUCIONES<\/b><\/p>\n<p class=\"m_2208492833335853590m_8228710890449311741gmail-MsoNoSpacing\">Toda Instituci\u00f3n comprendida en esta reglamentaci\u00f3n <strong>deber\u00e1 contar sin excepci\u00f3n\u00a0 con el Registro de inscripci\u00f3n donde consten los datos de las ni\u00f1as y ni\u00f1os<\/strong> que asisten al establecimiento; <strong>Legajo personal actualizado de las ni\u00f1as y ni\u00f1os<\/strong>;\u00a0\u00a0<strong>Libro foliado y rubricado por la Direcci\u00f3n General de Escuelas y\/o \u00c1rea que determine<\/strong>, para asiento de los informes de la supervisi\u00f3n, y en el que consignar\u00e1n situaciones o cualquier circunstancia que se considere de inter\u00e9s;\u00a0<strong>P\u00f3liza de seguro de responsabilidad civil en vigencia<\/strong>, y <strong>Legajo de todo el personal que desarrolle tareas en el establecimiento<\/strong>.<\/p>\n<p class=\"m_2208492833335853590m_8228710890449311741gmail-MsoNoSpacing\"><strong>El espacio f\u00edsico deber\u00e1\u00a0 ser apto<\/strong>,\u00a0 con el prop\u00f3sito que se desarrollen todas las actividades de las ni\u00f1as y ni\u00f1os sin ning\u00fan tipo de peligros, por lo que deber\u00e1n ser espaciosos, seguros, higi\u00e9nicos, debiendo estar en proporci\u00f3n, seg\u00fan la cantidad de ni\u00f1as\/os y adultos.<\/p>\n<p class=\"m_2208492833335853590m_8228710890449311741gmail-MsoNoSpacing\"><strong>Respecto del personal<\/strong>, estar\u00e1 compuesto por el <em>director, personal docente, auxiliar docente y personal administrativo.<\/em><\/p>\n<p class=\"m_2208492833335853590m_8228710890449311741gmail-MsoNoSpacing\">El <strong>personal a cargo de la atenci\u00f3n<\/strong> de las ni\u00f1as y ni\u00f1os <strong>deber\u00e1 acreditar conocimientos y competencias b\u00e1sicas en lo relativo a la capacidad de analizar e interpretar cr\u00edticamente la realidad bio &#8211; psico- social y cultural en la que se desarrollan las ni\u00f1as y ni\u00f1os<\/strong>; <strong>identificar los factores cognitivos<\/strong>, <strong>afectivos y sociales<\/strong> que influyen en el desarrollo f\u00edsico e intelectual de ni\u00f1as y ni\u00f1os y <strong>poner de manifiesto herramientas pedag\u00f3gicas-did\u00e1cticas<\/strong> que les permita intervenir desde edades tempranas a trav\u00e9s del aporte de diferentes disciplinas que hacen al conocimiento exhaustivo de la infancia, considerando el contexto social, con idoneidad, compromiso y responsabilidad.<\/p>\n<p class=\"m_2208492833335853590m_8228710890449311741gmail-MsoNoSpacing\">En tanto, <strong>es obligaci\u00f3n<\/strong> \u201c<em>de todas y cada una las personas que integran la Instituci\u00f3n, ya sean directivos, docentes y todo el personal en su conjunto, el de realizar la denuncia correspondiente, seg\u00fan lo preceptuado en la Ley 9054 y sus Decreto Reglamentarios, en caso de detectar o sospechar casos de vulneraci\u00f3n de derechos de las ni\u00f1as y ni\u00f1os a su cargo. Deber\u00e1 comunicarse a la Autoridad de Aplicaci\u00f3n a fin articular los derechos que los asisten y que se encuentran normado en dicha ley y\/o la que en el futuro la modifique, y las obligaciones y consecuencias de su omisi\u00f3n en caso de no realizar dicha denuncia<\/em>\u201d, destaca el texto de la media sanci\u00f3n.<\/p>\n<p class=\"m_2208492833335853590m_8228710890449311741gmail-MsoNoSpacing\"><strong>PROYECTO EDUCATIVO INSTITUCIONAL<\/strong><\/p>\n<p class=\"m_2208492833335853590m_8228710890449311741gmail-MsoNoSpacing\">Las instituciones deber\u00e1n presentar ante la DGE <strong>hasta el 30 de junio de cada a\u00f1o<\/strong>, el <strong>Proyecto Educativo Institucional<\/strong>, suscripto por el responsable pedag\u00f3gico con excepci\u00f3n de aquellas que realicen \u00fanicamente actividades deportivas, l\u00fadicas, recreativas o culturales.<\/p>\n<p class=\"m_2208492833335853590m_8228710890449311741gmail-MsoNoSpacing\">Las actividades pedag\u00f3gicas ser\u00e1n supervisadas y evaluadas en su implementaci\u00f3n y ejecuci\u00f3n por el \u00e1rea que la reglamentaci\u00f3n de la Direcci\u00f3n General de Escuelas determine.<\/p>\n<p class=\"m_2208492833335853590m_8228710890449311741gmail-MsoNoSpacing\"><b>REQUISITOS Y CARACTER\u00cdSTICAS DE LAS INSTITUCIONES DE EDUCACI\u00d3N MATERNAL Y\/O ATENCI\u00d3N TEMPRANA<\/b><\/p>\n<p class=\"m_2208492833335853590m_8228710890449311741gmail-MsoNoSpacing\">Todas y cada una de las Instituciones de Educaci\u00f3n Maternal y\/o Atenci\u00f3n Temprana de la Provincia de Mendoza deber\u00e1n contar con:<\/p>\n<p class=\"m_2208492833335853590m_8228710890449311741gmail-MsoNoSpacing\"><strong>1- Habilitaci\u00f3n municipal.<\/strong><\/p>\n<p class=\"m_2208492833335853590m_8228710890449311741gmail-MsoNoSpacing\"><strong>2- Libro de actas foliado y rubricado por la Direcci\u00f3n General de Escuelas. En este se consignar\u00e1n los datos del establecimiento y sus responsables.<\/strong><\/p>\n<p class=\"m_2208492833335853590m_8228710890449311741gmail-MsoNoSpacing\"><strong>3- Equipo de primeros auxilios.<\/strong><\/p>\n<p class=\"m_2208492833335853590m_8228710890449311741gmail-MsoNoSpacing\"><strong>4- Cobertura de emergencias m\u00e9dicas.<\/strong><\/p>\n<p class=\"m_2208492833335853590m_8228710890449311741gmail-MsoNoSpacing\"><strong>5- Registro actualizado de datos personales y de salud de cada ni\u00f1o, como as\u00ed tambi\u00e9n cualquier otro dato que se considere de inter\u00e9s.<\/strong><\/p>\n<p class=\"m_2208492833335853590m_8228710890449311741gmail-MsoNoSpacing\"><strong>6- Seguro de responsabilidad civil, cuya cobertura abarque el caso de da\u00f1o sufrido por las ni\u00f1as y ni\u00f1os, como as\u00ed tambi\u00e9n el ocasionado por ellos a terceros.<\/strong><\/p>\n<p class=\"m_2208492833335853590m_8228710890449311741gmail-MsoNoSpacing\"><strong>7- Plan de evacuaci\u00f3n en caso de contingencias naturales o accidentales.<\/strong><\/p>\n<p class=\"m_2208492833335853590m_8228710890449311741gmail-MsoNoSpacing\"><strong>8- Certificado anual de desinfecci\u00f3n, desinsectaci\u00f3n y desratizaci\u00f3n, realizado por entidades p\u00fablicas o privadas habilitadas a tal efecto.<\/strong><\/p>\n<p class=\"m_2208492833335853590m_8228710890449311741gmail-MsoNoSpacing\"><strong>9- Matafuegos necesarios, luces y salidas de emergencias supervisadas por el municipio de cada Departamento.<\/strong><\/p>\n<p class=\"m_2208492833335853590m_8228710890449311741gmail-MsoNoSpacing\"><strong>10- Contar con instalaciones sanitarias acorde a la edad de las\/os ni\u00f1as\/os y al personal de la instituci\u00f3n.<\/strong><\/p>\n<p class=\"m_2208492833335853590m_8228710890449311741gmail-MsoNoSpacing\"><strong>11- Mobiliario adecuado a la edad cronol\u00f3gica de las ni\u00f1as y ni\u00f1os tanto en calidad, como en cantidad suficiente, asegur\u00e1ndose su comodidad, bienestar e independencia.<\/strong><\/p>\n<p class=\"m_2208492833335853590m_8228710890449311741gmail-MsoNoSpacing\"><strong>12- Contar con un cartel exterior en donde conste el n\u00famero de registro de la Direcci\u00f3n General de Escuelas.<\/strong><\/p>\n<h5 class=\"m_2208492833335853590m_8228710890449311741gmail-MsoNoSpacing\"><em>F.B. (F.M. Vi\u00f1as).<\/em><\/h5>\n","protected":false},"excerpt":{"rendered":"<p>La C\u00e1mara de Diputados, por unanimidad, dio media sanci\u00f3n al proyecto de Ley de Carlos Bianchinelli (PJ), Cecilia Rodr\u00edguez (UCR) y &#8230;<\/p>\n","protected":false},"author":8,"featured_media":35348,"comment_status":"open","ping_status":"open","sticky":false,"template":"","format":"standard","meta":{"footnotes":""},"categories":[5,18],"tags":[],"class_list":["post-57962","post","type-post","status-publish","format-standard","has-post-thumbnail","hentry","category-actualidad","category-educacion"],"_links":{"self":[{"href":"https:\/\/vinasfm.com\/noticias\/wp-json\/wp\/v2\/posts\/57962","targetHints":{"allow":["GET"]}}],"collection":[{"href":"https:\/\/vinasfm.com\/noticias\/wp-json\/wp\/v2\/posts"}],"about":[{"href":"https:\/\/vinasfm.com\/noticias\/wp-json\/wp\/v2\/types\/post"}],"author":[{"embeddable":true,"href":"https:\/\/vinasfm.com\/noticias\/wp-json\/wp\/v2\/users\/8"}],"replies":[{"embeddable":true,"href":"https:\/\/vinasfm.com\/noticias\/wp-json\/wp\/v2\/comments?post=57962"}],"version-history":[{"count":2,"href":"https:\/\/vinasfm.com\/noticias\/wp-json\/wp\/v2\/posts\/57962\/revisions"}],"predecessor-version":[{"id":57981,"href":"https:\/\/vinasfm.com\/noticias\/wp-json\/wp\/v2\/posts\/57962\/revisions\/57981"}],"wp:featuredmedia":[{"embeddable":true,"href":"https:\/\/vinasfm.com\/noticias\/wp-json\/wp\/v2\/media\/35348"}],"wp:attachment":[{"href":"https:\/\/vinasfm.com\/noticias\/wp-json\/wp\/v2\/media?parent=57962"}],"wp:term":[{"taxonomy":"category","embeddable":true,"href":"https:\/\/vinasfm.com\/noticias\/wp-json\/wp\/v2\/categories?post=57962"},{"taxonomy":"post_tag","embeddable":true,"href":"https:\/\/vinasfm.com\/noticias\/wp-json\/wp\/v2\/tags?post=57962"}],"curies":[{"name":"wp","href":"https:\/\/api.w.org\/{rel}","templated":true}]}}