{"id":57950,"date":"2019-09-05T06:30:18","date_gmt":"2019-09-05T09:30:18","guid":{"rendered":"http:\/\/vinasfm.com\/noticias\/?p=57950"},"modified":"2019-09-06T10:14:04","modified_gmt":"2019-09-06T13:14:04","slug":"desde-la-direccion-de-ganaderia-analizaron-la-situacion-de-la-produccion-porcina-local","status":"publish","type":"post","link":"https:\/\/vinasfm.com\/noticias\/desde-la-direccion-de-ganaderia-analizaron-la-situacion-de-la-produccion-porcina-local\/","title":{"rendered":"DESDE LA DIRECCI\u00d3N DE GANADER\u00cdA ANALIZARON LA SITUACI\u00d3N DE LA PRODUCCI\u00d3N PORCINA LOCAL"},"content":{"rendered":"<h4><strong>Desde la Direcci\u00f3n de Ganader\u00eda de la Provincia de Mendoza informaron sobre la situaci\u00f3n que atraviesa la producci\u00f3n porcina en General Alvear. El Director de la entidad Ramiro Zaragoza realiz\u00f3 un balance teniendo en cuenta la producci\u00f3n formal e informal que se desarrolla en nuestro departamento.<\/strong><\/h4>\n<p>\u201c<strong><em>Fuimos convocados junto con el Departamento T\u00e9cnico de nuestra Direcci\u00f3n a intercambiar algunas ideas relacionadas al desarrollo del sector porcino por algunos reclamos que hab\u00edan tenido en la banca del ciudadano<\/em><\/strong>\u201d, coment\u00f3 <strong>Zaragoza<\/strong> respecto la reuni\u00f3n que mantuvieron en la <strong>Comisi\u00f3n de Promoci\u00f3n y Desarrollo<\/strong> junto al Secretario de Desarrollo Carlos Ponce y los Concejales.<\/p>\n<p>\u201c<em><strong>Hoy la situaci\u00f3n del sector est\u00e1 atada permanentemente a la coyuntura<\/strong> con incidencia en el precio del ma\u00edz directa sobre la realidad porcina. <strong>Hace un a\u00f1o ten\u00edamos un ma\u00edz a $5.000 la tonelada<\/strong>, se adecu\u00f3 el precio del cerdo a ese valor del ma\u00edz por lo que hubo mucha demanda producida por el aumento de la carne vacuna y <strong>hoy estamos en una coyuntura negativa ya que la tonelada del ma\u00edz se increment\u00f3 llegando a poco m\u00e1s de $7.000<\/strong><\/em>\u201d, grafic\u00f3 el <strong>Director Provincial de Ganader\u00eda<\/strong>.<\/p>\n<div id=\"attachment_34072\" style=\"width: 300px\" class=\"wp-caption alignleft\"><a href=\"http:\/\/vinasfm.com\/noticias\/wp-content\/uploads\/2018\/04\/zaragoza-director-ganederia-marcolini-zlotolow.jpg\"><img loading=\"lazy\" decoding=\"async\" aria-describedby=\"caption-attachment-34072\" class=\"wp-image-34072 size-medium\" src=\"http:\/\/vinasfm.com\/noticias\/wp-content\/uploads\/2018\/04\/zaragoza-director-ganederia-marcolini-zlotolow-300x200.jpg\" alt=\"\" width=\"300\" height=\"200\" srcset=\"https:\/\/vinasfm.com\/noticias\/wp-content\/uploads\/2018\/04\/zaragoza-director-ganederia-marcolini-zlotolow-300x200.jpg 300w, https:\/\/vinasfm.com\/noticias\/wp-content\/uploads\/2018\/04\/zaragoza-director-ganederia-marcolini-zlotolow-768x512.jpg 768w, https:\/\/vinasfm.com\/noticias\/wp-content\/uploads\/2018\/04\/zaragoza-director-ganederia-marcolini-zlotolow-1024x683.jpg 1024w\" sizes=\"auto, (max-width: 300px) 100vw, 300px\" \/><\/a><p id=\"caption-attachment-34072\" class=\"wp-caption-text\">Ramiro Zaragoza, Director Provincial de Ganader\u00eda.<\/p><\/div>\n<p><strong>En General Alvear hay alrededor de 20 productores porcinos que trabajan seriamente y con tecnolog\u00eda<\/strong>, sume a quienes producen tradicionalmente o como se lo conoce t\u00e9cnicamente \u201ctraspatio\u201d. \u201c<em>Han tenido un a\u00f1o positivo en relaci\u00f3n con los precios y la rentabilidad. La <strong>Direcci\u00f3n de Ganader\u00eda <\/strong>a trav\u00e9s de <strong>Mendoza Fiduciaria <\/strong>ha puesto a disposici\u00f3n diversas l\u00edneas de cr\u00e9ditos que varios han tomado y han podido devolver. <strong>La l\u00ednea de cr\u00e9dito que tenemos es de aproximadamente de $120.000 destinado a la compra de alimento con 3 meses de gracia y al 9% anual<\/strong><\/em>\u201d, asegur\u00f3.<\/p>\n<p>\u201c<em>Hay dos opciones: <strong>tratar de provocar la tecnificaci\u00f3n y producci\u00f3n a escala t\u00e9cnicamente<\/strong> o <strong>se tendr\u00e1 una producci\u00f3n porcina \u2018hobbista\u2019 que maneja otros n\u00fameros y otra rentabilidad<\/strong>. El productor porcino que trabaja seriamente es el apoyado por la Direcci\u00f3n de Ganader\u00eda y quienes pueden obtener l\u00edneas de cr\u00e9ditos, incorporaci\u00f3n de tecnolog\u00eda, puedan faenar en el Matadero Municipal con el fin de crear un c\u00edrculo virtuoso<\/em>\u201d, asever\u00f3 <strong>Zaragoza<\/strong>.<\/p>\n<p>Asimismo, el funcionario agreg\u00f3: \u201c<em><strong>Le solicitamos apoyo al municipio<\/strong> porque carecemos de presupuesto para hacer un plan forrajero por lo que dialogu\u00e9 con Carlos Ponce (Secretario de Desarrollo Departamental) quien me asegur\u00f3 que este a\u00f1o <strong>hay entre 500 y 600 hect\u00e1reas para ser sembradas con alfalfa<\/strong>. <strong>Ese es el objetivo y por ese lado viene el futuro del departamento<\/strong><\/em>\u201d.<\/p>\n<h5><em>F.B. (F.M. Vi\u00f1as).<\/em><\/h5>\n","protected":false},"excerpt":{"rendered":"<p>Desde la Direcci\u00f3n de Ganader\u00eda de la Provincia de Mendoza informaron sobre la situaci\u00f3n que atraviesa la producci\u00f3n porcina en General &#8230;<\/p>\n","protected":false},"author":8,"featured_media":33530,"comment_status":"open","ping_status":"open","sticky":false,"template":"","format":"standard","meta":{"footnotes":""},"categories":[5,24],"tags":[],"class_list":["post-57950","post","type-post","status-publish","format-standard","has-post-thumbnail","hentry","category-actualidad","category-ganaderia"],"_links":{"self":[{"href":"https:\/\/vinasfm.com\/noticias\/wp-json\/wp\/v2\/posts\/57950","targetHints":{"allow":["GET"]}}],"collection":[{"href":"https:\/\/vinasfm.com\/noticias\/wp-json\/wp\/v2\/posts"}],"about":[{"href":"https:\/\/vinasfm.com\/noticias\/wp-json\/wp\/v2\/types\/post"}],"author":[{"embeddable":true,"href":"https:\/\/vinasfm.com\/noticias\/wp-json\/wp\/v2\/users\/8"}],"replies":[{"embeddable":true,"href":"https:\/\/vinasfm.com\/noticias\/wp-json\/wp\/v2\/comments?post=57950"}],"version-history":[{"count":2,"href":"https:\/\/vinasfm.com\/noticias\/wp-json\/wp\/v2\/posts\/57950\/revisions"}],"predecessor-version":[{"id":57958,"href":"https:\/\/vinasfm.com\/noticias\/wp-json\/wp\/v2\/posts\/57950\/revisions\/57958"}],"wp:featuredmedia":[{"embeddable":true,"href":"https:\/\/vinasfm.com\/noticias\/wp-json\/wp\/v2\/media\/33530"}],"wp:attachment":[{"href":"https:\/\/vinasfm.com\/noticias\/wp-json\/wp\/v2\/media?parent=57950"}],"wp:term":[{"taxonomy":"category","embeddable":true,"href":"https:\/\/vinasfm.com\/noticias\/wp-json\/wp\/v2\/categories?post=57950"},{"taxonomy":"post_tag","embeddable":true,"href":"https:\/\/vinasfm.com\/noticias\/wp-json\/wp\/v2\/tags?post=57950"}],"curies":[{"name":"wp","href":"https:\/\/api.w.org\/{rel}","templated":true}]}}