{"id":57919,"date":"2019-09-04T06:51:03","date_gmt":"2019-09-04T09:51:03","guid":{"rendered":"http:\/\/vinasfm.com\/noticias\/?p=57919"},"modified":"2019-09-05T08:04:17","modified_gmt":"2019-09-05T11:04:17","slug":"horacio-galaguza-parte-de-la-produccion-ha-sido-muy-afectada-por-la-helada","status":"publish","type":"post","link":"https:\/\/vinasfm.com\/noticias\/horacio-galaguza-parte-de-la-produccion-ha-sido-muy-afectada-por-la-helada\/","title":{"rendered":"HORACIO GALAGUZA: \u201cPARTE DE LA PRODUCCI\u00d3N  HA SIDO MUY AFECTADA POR LA HELADA\u201d"},"content":{"rendered":"<p><strong>En la madrugada de este martes se registraron temperaturas muy por debajo de 0\u00b0C en todo el departamento, en algunos sectores del agro los term\u00f3metros bajaron incluso hasta los -9,5C\u00b0. Aunque con menor intensidad, la situaci\u00f3n se repiti\u00f3 este mi\u00e9rcoles.<\/strong><\/p>\n<p><em>\u201cParte de la producci\u00f3n expuesta a esa temperatura ha sido muy afectada por la helada\u201d,<\/em> manifest\u00f3 el Director de Agricultura Horacio Galaguza.<\/p>\n<p>En esta \u00e9poca se ve perjudicada <strong>la ciruela de transporte, de industria, el durazno que est\u00e1 en floraci\u00f3n,<\/strong> con presencia de yema, a los dos grados y medio bajo cero comienza a afectar, y en la madrugada del martes se registraron de hasta ocho grados y medio bajo cero.<\/p>\n<p>\u201cEl fruto afectado no vuelve a desarrollarse en esta temporada, a veces la vid cuando sufre heladas o granizo, con ayuda de una poda puede dar un porcentaje mucho menor, si hubiera presencia de alguna yema dormida. No podemos definir el porcentaje de da\u00f1o a\u00fan, no va a ser la \u00faltima helada, teniendo en cuenta que en las primeras horas de este mi\u00e9rcoles, los term\u00f3metros volvieron a bajar del 0.<\/p>\n<p><strong>El jueves se espera la entrada de un frente h\u00famedo y puede haber probabilidades de lluvias, lo que vendr\u00eda muy bien.<\/strong> \u201c<em>Hasta el quince de septiembre estamos en riesgo, luego el pron\u00f3stico extendido anuncia que iniciar\u00e1 una temporada m\u00e1s c\u00e1lida y h\u00fameda\u201d<\/em>, indic\u00f3 el Director de Agricultura.<\/p>\n<p><strong>Una vez que termine la temporada de heladas, los peritos van a salir a tasar los da\u00f1os, \u201creci\u00e9n ah\u00ed vamos a tener una realidad de la afectaci\u00f3n total de la temporada\u201d.<\/strong><\/p>\n<p>Es para destacar que el plazo de adhesi\u00f3n al seguro agr\u00edcola venci\u00f3 ayer, por esta situaci\u00f3n se extiende la adhesi\u00f3n al seguro durante quince d\u00edas m\u00e1s para que los productores que puedan resultar afectados, sean incluidos y beneficiados con este seguro<\/p>\n<p>\u201cQuienes no han adherido pueden acceder al diez por ciento de descuento por pago anual, quien ingrese por una cooperativa tiene un beneficio tambi\u00e9n, el productor que adhiera tendr\u00e1 un diez por ciento de descuento extra por estar dentro de una inspecci\u00f3n de cauce\u201d, destac\u00f3 Horacio Galaguza y agreg\u00f3: \u201cel Intendente Walther Marcolini estuvo en comunicaci\u00f3n con el Gobierno provincial, por lo que est\u00e1n al tanto de la situaci\u00f3n y estamos aguardando alguna medida que ayude a paliar la problem\u00e1tica de los productores de la zona\u201d.<\/p>\n<p><strong>Otros beneficios a los que pueden acceder los productores:<\/strong><\/p>\n<p><a href=\"http:\/\/vinasfm.com\/noticias\/wp-content\/uploads\/2019\/09\/c2514270-f985-4ca7-97b4-554d8f6f5b16.jpg\"><img loading=\"lazy\" decoding=\"async\" class=\"wp-image-57921 aligncenter\" src=\"http:\/\/vinasfm.com\/noticias\/wp-content\/uploads\/2019\/09\/c2514270-f985-4ca7-97b4-554d8f6f5b16-211x300.jpg\" alt=\"\" width=\"547\" height=\"778\" srcset=\"https:\/\/vinasfm.com\/noticias\/wp-content\/uploads\/2019\/09\/c2514270-f985-4ca7-97b4-554d8f6f5b16-211x300.jpg 211w, https:\/\/vinasfm.com\/noticias\/wp-content\/uploads\/2019\/09\/c2514270-f985-4ca7-97b4-554d8f6f5b16-768x1093.jpg 768w, https:\/\/vinasfm.com\/noticias\/wp-content\/uploads\/2019\/09\/c2514270-f985-4ca7-97b4-554d8f6f5b16-720x1024.jpg 720w, https:\/\/vinasfm.com\/noticias\/wp-content\/uploads\/2019\/09\/c2514270-f985-4ca7-97b4-554d8f6f5b16.jpg 892w\" sizes=\"auto, (max-width: 547px) 100vw, 547px\" \/><\/a><\/p>\n<h5><strong><em>A.C.<\/em><\/strong><\/h5>\n","protected":false},"excerpt":{"rendered":"<p>En la madrugada de este martes se registraron temperaturas muy por debajo de 0\u00b0C en todo el departamento, en algunos sectores &#8230;<\/p>\n","protected":false},"author":7,"featured_media":57833,"comment_status":"open","ping_status":"open","sticky":false,"template":"","format":"standard","meta":{"footnotes":""},"categories":[5,14],"tags":[],"class_list":["post-57919","post","type-post","status-publish","format-standard","has-post-thumbnail","hentry","category-actualidad","category-agro"],"_links":{"self":[{"href":"https:\/\/vinasfm.com\/noticias\/wp-json\/wp\/v2\/posts\/57919","targetHints":{"allow":["GET"]}}],"collection":[{"href":"https:\/\/vinasfm.com\/noticias\/wp-json\/wp\/v2\/posts"}],"about":[{"href":"https:\/\/vinasfm.com\/noticias\/wp-json\/wp\/v2\/types\/post"}],"author":[{"embeddable":true,"href":"https:\/\/vinasfm.com\/noticias\/wp-json\/wp\/v2\/users\/7"}],"replies":[{"embeddable":true,"href":"https:\/\/vinasfm.com\/noticias\/wp-json\/wp\/v2\/comments?post=57919"}],"version-history":[{"count":1,"href":"https:\/\/vinasfm.com\/noticias\/wp-json\/wp\/v2\/posts\/57919\/revisions"}],"predecessor-version":[{"id":57924,"href":"https:\/\/vinasfm.com\/noticias\/wp-json\/wp\/v2\/posts\/57919\/revisions\/57924"}],"wp:featuredmedia":[{"embeddable":true,"href":"https:\/\/vinasfm.com\/noticias\/wp-json\/wp\/v2\/media\/57833"}],"wp:attachment":[{"href":"https:\/\/vinasfm.com\/noticias\/wp-json\/wp\/v2\/media?parent=57919"}],"wp:term":[{"taxonomy":"category","embeddable":true,"href":"https:\/\/vinasfm.com\/noticias\/wp-json\/wp\/v2\/categories?post=57919"},{"taxonomy":"post_tag","embeddable":true,"href":"https:\/\/vinasfm.com\/noticias\/wp-json\/wp\/v2\/tags?post=57919"}],"curies":[{"name":"wp","href":"https:\/\/api.w.org\/{rel}","templated":true}]}}