{"id":57888,"date":"2019-09-04T05:00:40","date_gmt":"2019-09-04T08:00:40","guid":{"rendered":"http:\/\/vinasfm.com\/noticias\/?p=57888"},"modified":"2019-09-05T10:23:21","modified_gmt":"2019-09-05T13:23:21","slug":"una-enfermera-se-encadeno-en-el-sum-del-b-pellegrini","status":"publish","type":"post","link":"https:\/\/vinasfm.com\/noticias\/una-enfermera-se-encadeno-en-el-sum-del-b-pellegrini\/","title":{"rendered":"UNA ENFERMERA SE ENCADEN\u00d3 EN EL SUM DEL B\u00b0 PELLEGRINI"},"content":{"rendered":"<h4><strong>Cerca de las 09:40h de este martes una enfermera se encaden\u00f3 a la entrada del SUM del Barrio Pellegrini con el fin de reclamar por \u201clas malas condiciones laborales que se viven all\u00ed\u201d.<\/strong><\/h4>\n<p>En el mes de marzo esta persona protagoniz\u00f3 un hecho similar cuando se encaden\u00f3 en una de las barandas de las escaleras que conducen a la entrada del palacio municipal.<\/p>\n<p><em><strong>V\u00e9ase tambi\u00e9n:<\/strong> <\/em><a href=\"http:\/\/vinasfm.com\/noticias\/una-enfermera-se-encadeno-en-la-puerta-de-la-comuna\/\">http:\/\/vinasfm.com\/noticias\/una-enfermera-se-encadeno-en-la-puerta-de-la-comuna\/<\/a><\/p>\n<p>El <strong>Principal Jaque,<\/strong> quien pertenece a <strong>GRIS<\/strong> (<em><strong>Grupo de Resoluci\u00f3n de Incidentes y Secuestros<\/strong><\/em>) dependiente de la <strong>FOE<\/strong> y es uno de los 8 negociadores que tiene la polic\u00eda de Mendoza, fue quien se desplaz\u00f3 al lugar con el fin de mitigar la situaci\u00f3n.<\/p>\n<p>\u201c<em>Establec\u00ed una comunicaci\u00f3n con ella y llegamos a un acuerdo, le ped\u00ed que desestime su actitud. <strong>Me acompa\u00f1\u00f3 a la Comisar\u00eda 14\u00b0 y radic\u00f3 una denuncia caratulada \u2018abandono laboral\u2019 dado que en su lugar de trabajo no cuenta con agua, luz ni gas<\/strong><\/em>\u201d, explic\u00f3 el uniformado a <em><strong>F.M. Vi\u00f1as<\/strong><\/em>.<\/p>\n<p>En el lugar, junto con la se\u00f1ora encadenada, se encontraban vecinos que se mostraron conforme con el accionar policial.<\/p>\n<h5><em>R.B. (F.M. Vi\u00f1as).<\/em><\/h5>\n","protected":false},"excerpt":{"rendered":"<p>Cerca de las 09:40h de este martes una enfermera se encaden\u00f3 a la entrada del SUM del Barrio Pellegrini con el &#8230;<\/p>\n","protected":false},"author":8,"featured_media":34584,"comment_status":"open","ping_status":"open","sticky":false,"template":"","format":"standard","meta":{"footnotes":""},"categories":[5,10],"tags":[],"class_list":["post-57888","post","type-post","status-publish","format-standard","has-post-thumbnail","hentry","category-actualidad","category-destacadas"],"_links":{"self":[{"href":"https:\/\/vinasfm.com\/noticias\/wp-json\/wp\/v2\/posts\/57888","targetHints":{"allow":["GET"]}}],"collection":[{"href":"https:\/\/vinasfm.com\/noticias\/wp-json\/wp\/v2\/posts"}],"about":[{"href":"https:\/\/vinasfm.com\/noticias\/wp-json\/wp\/v2\/types\/post"}],"author":[{"embeddable":true,"href":"https:\/\/vinasfm.com\/noticias\/wp-json\/wp\/v2\/users\/8"}],"replies":[{"embeddable":true,"href":"https:\/\/vinasfm.com\/noticias\/wp-json\/wp\/v2\/comments?post=57888"}],"version-history":[{"count":1,"href":"https:\/\/vinasfm.com\/noticias\/wp-json\/wp\/v2\/posts\/57888\/revisions"}],"predecessor-version":[{"id":57937,"href":"https:\/\/vinasfm.com\/noticias\/wp-json\/wp\/v2\/posts\/57888\/revisions\/57937"}],"wp:featuredmedia":[{"embeddable":true,"href":"https:\/\/vinasfm.com\/noticias\/wp-json\/wp\/v2\/media\/34584"}],"wp:attachment":[{"href":"https:\/\/vinasfm.com\/noticias\/wp-json\/wp\/v2\/media?parent=57888"}],"wp:term":[{"taxonomy":"category","embeddable":true,"href":"https:\/\/vinasfm.com\/noticias\/wp-json\/wp\/v2\/categories?post=57888"},{"taxonomy":"post_tag","embeddable":true,"href":"https:\/\/vinasfm.com\/noticias\/wp-json\/wp\/v2\/tags?post=57888"}],"curies":[{"name":"wp","href":"https:\/\/api.w.org\/{rel}","templated":true}]}}