{"id":57795,"date":"2019-09-03T08:00:21","date_gmt":"2019-09-03T11:00:21","guid":{"rendered":"http:\/\/vinasfm.com\/noticias\/?p=57795"},"modified":"2019-09-04T08:57:45","modified_gmt":"2019-09-04T11:57:45","slug":"walther-marcolini-la-ruta-188-es-una-puerta-de-salida-de-nuestra-produccion-hacia-el-pacifico","status":"publish","type":"post","link":"https:\/\/vinasfm.com\/noticias\/walther-marcolini-la-ruta-188-es-una-puerta-de-salida-de-nuestra-produccion-hacia-el-pacifico\/","title":{"rendered":"WALTHER MARCOLINI: \u201cLA RUTA 188 ES UNA PUERTA DE SALIDA DE NUESTRA PRODUCCI\u00d3N HACIA EL PAC\u00cdFICO\u201d"},"content":{"rendered":"<h4><strong>Ante la preocupaci\u00f3n por la situaci\u00f3n econ\u00f3mica Nacional y la paridad de la obra para la finalizaci\u00f3n de la Ruta 188 por parte de las Empresas el Intendente Walther Marcolini conjunto con Los Hist\u00f3ricos y la Especifica de la C\u00e1mara de Comercio se unieron para tratar dichas problem\u00e1ticas. <\/strong><\/h4>\n<p><em>\u201cNos hemos comunicado con el Gerente del 4\u00b0 distrito de Vialidad Nacional y <strong>estamos realizando una nota para envi\u00e1rsela de reclamo a la Directora Nacional de Vialidad Patricia Guti\u00e9rrez de solicitar de manera escrita formal de cual la situaci\u00f3n contra-actual con la UTE que ejecuta la obra <\/strong>dado que se est\u00e1 con un mantenimiento por parte de la empresa y no est\u00e1n avanzando los trabajos de la menara en la que esperamos. <strong>Ratificamos con la Espec\u00edfica de la C\u00e1mara de Comercio y Los Hist\u00f3ricos, en materia de Trasporte, la importancia de la Ruta 188 para el desarrollo de General Alvear ya que es una v\u00eda estrat\u00e9gica de comunicaci\u00f3n y una puerta de salida de nuestra producci\u00f3n hacia el Pacifico<\/strong>, entendemos el reclamos de una deuda vencida por parte de la empresa\u201d <\/em>coment\u00f3 <strong><em>Walther Marcolini, Intendente de General Alvear.<\/em><\/strong><\/p>\n<p>Adem\u00e1s <strong>Marcolini resalt\u00f3 <\/strong>que<strong><em>\u00abVialidad ha realizado algunos de los pagos de la deuda para que la obra no se pare y no haya una ruptura contra actual y siga el contrato\u00bb.<\/em><\/strong><\/p>\n<p><em>\u201cSe ha trabajado y se est\u00e1 haciendo mantenimiento de la parte superficial pero estamos esperando porque <strong>hace 1 mes que se ha parado la obra y se tendr\u00eda que haber hecho ya el asfalto<\/strong>. La situaci\u00f3n general no permite hacer mucho financieramente\u201d<\/em> a\u00f1adi\u00f3\u00a0 <strong>Antol\u00edn.<\/strong><\/p>\n<p><strong>Germ\u00e1n Herrada apunt\u00f3 contra Vialidad Nacional diciendo <em>\u201cLa Empresa dice una cosa y Vialidad Nacional nos dice otra <\/em><\/strong><em>por eso nos reunimos con Los Hist\u00f3ricos y el Intendente para elevar la nota para ver que pagos que han recibido para solucionarlo lo m\u00e1s antes posible porque ya tendr\u00eda que tener hecho el asfalto\u00bb.<\/em><\/p>\n<h5><em>R.B. (F.M. Vi\u00f1as)<\/em><\/h5>\n","protected":false},"excerpt":{"rendered":"<p>Ante la preocupaci\u00f3n por la situaci\u00f3n econ\u00f3mica Nacional y la paridad de la obra para la finalizaci\u00f3n de la Ruta 188 &#8230;<\/p>\n","protected":false},"author":8,"featured_media":57850,"comment_status":"open","ping_status":"open","sticky":false,"template":"","format":"standard","meta":{"footnotes":""},"categories":[5],"tags":[],"class_list":["post-57795","post","type-post","status-publish","format-standard","has-post-thumbnail","hentry","category-actualidad"],"_links":{"self":[{"href":"https:\/\/vinasfm.com\/noticias\/wp-json\/wp\/v2\/posts\/57795","targetHints":{"allow":["GET"]}}],"collection":[{"href":"https:\/\/vinasfm.com\/noticias\/wp-json\/wp\/v2\/posts"}],"about":[{"href":"https:\/\/vinasfm.com\/noticias\/wp-json\/wp\/v2\/types\/post"}],"author":[{"embeddable":true,"href":"https:\/\/vinasfm.com\/noticias\/wp-json\/wp\/v2\/users\/8"}],"replies":[{"embeddable":true,"href":"https:\/\/vinasfm.com\/noticias\/wp-json\/wp\/v2\/comments?post=57795"}],"version-history":[{"count":2,"href":"https:\/\/vinasfm.com\/noticias\/wp-json\/wp\/v2\/posts\/57795\/revisions"}],"predecessor-version":[{"id":57807,"href":"https:\/\/vinasfm.com\/noticias\/wp-json\/wp\/v2\/posts\/57795\/revisions\/57807"}],"wp:featuredmedia":[{"embeddable":true,"href":"https:\/\/vinasfm.com\/noticias\/wp-json\/wp\/v2\/media\/57850"}],"wp:attachment":[{"href":"https:\/\/vinasfm.com\/noticias\/wp-json\/wp\/v2\/media?parent=57795"}],"wp:term":[{"taxonomy":"category","embeddable":true,"href":"https:\/\/vinasfm.com\/noticias\/wp-json\/wp\/v2\/categories?post=57795"},{"taxonomy":"post_tag","embeddable":true,"href":"https:\/\/vinasfm.com\/noticias\/wp-json\/wp\/v2\/tags?post=57795"}],"curies":[{"name":"wp","href":"https:\/\/api.w.org\/{rel}","templated":true}]}}