{"id":57785,"date":"2019-09-03T08:59:14","date_gmt":"2019-09-03T11:59:14","guid":{"rendered":"http:\/\/vinasfm.com\/noticias\/?p=57785"},"modified":"2019-09-03T09:02:09","modified_gmt":"2019-09-03T12:02:09","slug":"se-realizo-la-reparacion-del-puente-del-canal-centro-viejo","status":"publish","type":"post","link":"https:\/\/vinasfm.com\/noticias\/se-realizo-la-reparacion-del-puente-del-canal-centro-viejo\/","title":{"rendered":"SE REALIZ\u00d3 LA REPARACI\u00d3N DEL PUENTE DEL \u2018CANAL CENTRO VIEJO\u2019"},"content":{"rendered":"<h4><strong>El d\u00eda viernes se acus\u00f3 de un hundimiento del puente en la calle Uspallata por exceso de humedad \u00a0en lo que es la l\u00ednea del trazado de la red cloacal del Barrio San Carlos, el cual hace unos meses se hizo el cruce por debajo de la Avenida cruzando por el Puente.<\/strong><\/h4>\n<p><em>\u201cEmpezamos a indagar con el equipo de ingenier\u00eda para ver donde se estaba originando la p\u00e9rdida lo que nos llev\u00f3 a cortar el agua el d\u00eda vienes por la tarde que\u00a0 lo quer\u00edamos evitar pero no se pudo. No se ha roto el puente pero el sector donde se encontraba la ca\u00f1er\u00eda cedi\u00f3 el terreno generando un hueco que es lo que hac\u00eda que el agua saliera por debajo de la estructura del puente. Es un puente del a\u00f1o \u201986 y nos dimos cuenta que no tiene loza de fondo\u201d<\/em> explic\u00f3 <strong>Mario Barbieri<\/strong>, <strong>Subdelegado del R\u00edo Atuel.<\/strong><\/p>\n<p><strong>Se procedi\u00f3 a la actuaci\u00f3n inmediata para la reparaci\u00f3n con utilizaci\u00f3n de electro-bombas, cami\u00f3n atmosf\u00e9rico vaciando la estructura por fuera y por dentro.<\/strong> Adem\u00e1s <strong>se coloc\u00f3 hormig\u00f3n en una parte la parte del puente ubicada en el sector donde se produc\u00eda la perdida de agua.<\/strong><\/p>\n<p><em>\u201cSe hizo un compactado de terreno tomando precauciones para que el hormig\u00f3n se desarrolle tambi\u00e9n por debajo de esa parte del puente. Los regante participantes perdieron las horas de turnado por lo que coordinamos con Inspecci\u00f3n para la devoluci\u00f3n del mismo. Todo esto nos tom\u00f3 de sorpresa ya que a\u00f1os anteriores nunca tuvo p\u00e9rdida el puente\u201d<\/em> a\u00f1adi\u00f3 <strong>Barbieri<\/strong>.<\/p>\n<p><strong>Luego de concluida la reparaci\u00f3n del puente se avocaron a la reparaci\u00f3n de otros elementos. \u00a0<\/strong><\/p>\n<h5><em>R.B (F.M. Vi\u00f1as).<\/em><\/h5>\n","protected":false},"excerpt":{"rendered":"<p>El d\u00eda viernes se acus\u00f3 de un hundimiento del puente en la calle Uspallata por exceso de humedad \u00a0en lo que &#8230;<\/p>\n","protected":false},"author":8,"featured_media":57787,"comment_status":"open","ping_status":"open","sticky":false,"template":"","format":"standard","meta":{"footnotes":""},"categories":[5,10],"tags":[],"class_list":["post-57785","post","type-post","status-publish","format-standard","has-post-thumbnail","hentry","category-actualidad","category-destacadas"],"_links":{"self":[{"href":"https:\/\/vinasfm.com\/noticias\/wp-json\/wp\/v2\/posts\/57785","targetHints":{"allow":["GET"]}}],"collection":[{"href":"https:\/\/vinasfm.com\/noticias\/wp-json\/wp\/v2\/posts"}],"about":[{"href":"https:\/\/vinasfm.com\/noticias\/wp-json\/wp\/v2\/types\/post"}],"author":[{"embeddable":true,"href":"https:\/\/vinasfm.com\/noticias\/wp-json\/wp\/v2\/users\/8"}],"replies":[{"embeddable":true,"href":"https:\/\/vinasfm.com\/noticias\/wp-json\/wp\/v2\/comments?post=57785"}],"version-history":[{"count":1,"href":"https:\/\/vinasfm.com\/noticias\/wp-json\/wp\/v2\/posts\/57785\/revisions"}],"predecessor-version":[{"id":57792,"href":"https:\/\/vinasfm.com\/noticias\/wp-json\/wp\/v2\/posts\/57785\/revisions\/57792"}],"wp:featuredmedia":[{"embeddable":true,"href":"https:\/\/vinasfm.com\/noticias\/wp-json\/wp\/v2\/media\/57787"}],"wp:attachment":[{"href":"https:\/\/vinasfm.com\/noticias\/wp-json\/wp\/v2\/media?parent=57785"}],"wp:term":[{"taxonomy":"category","embeddable":true,"href":"https:\/\/vinasfm.com\/noticias\/wp-json\/wp\/v2\/categories?post=57785"},{"taxonomy":"post_tag","embeddable":true,"href":"https:\/\/vinasfm.com\/noticias\/wp-json\/wp\/v2\/tags?post=57785"}],"curies":[{"name":"wp","href":"https:\/\/api.w.org\/{rel}","templated":true}]}}