{"id":57764,"date":"2019-09-03T07:55:55","date_gmt":"2019-09-03T10:55:55","guid":{"rendered":"http:\/\/vinasfm.com\/noticias\/?p=57764"},"modified":"2019-09-03T08:10:28","modified_gmt":"2019-09-03T11:10:28","slug":"los-brigadistas-realizan-capacitaciones-en-prevencion-de-incendios","status":"publish","type":"post","link":"https:\/\/vinasfm.com\/noticias\/los-brigadistas-realizan-capacitaciones-en-prevencion-de-incendios\/","title":{"rendered":"LOS BRIGADISTAS REALIZAN CAPACITACIONES EN PREVENCI\u00d3N DE INCENDIOS"},"content":{"rendered":"<h4><strong>Con el objetivo de prevenir y combatir incendios de la manera m\u00e1s eficiente, es que brigadistas est\u00e1n siendo capacitados por la Secretar\u00eda de Ambiente de la Provincia,\u00a0 Plan Provincial de Manejo del Fuego y Defensa Civil.<\/strong><\/h4>\n<p><strong>Las capacitaciones<\/strong> para combatir incendios <strong>se realizan desde el jueves hasta el s\u00e1bado<\/strong>, y son tareas que <strong>est\u00e1n llevando a cabo brigadistas de cara a la temporada m\u00e1s compleja que comienza en unos tres meses aproximadamente<\/strong>. Cabe destacar que ya <strong>se est\u00e1n realizando acciones para prevenir focos de incendio<\/strong>, por ello se est\u00e1 <strong>haciendo uso de la motoniveladora<\/strong> que lleg\u00f3 a nuestro departamento para realizar <strong>picadas en lugares como Ovejer\u00eda<\/strong>, <strong>Corral de Lorca<\/strong> y <strong>Ruta 203<\/strong>, dando un total de 700 kil\u00f3metros.<\/p>\n<p>El <strong>Director de Defensa Civil Adolfo Balverde<\/strong> manifest\u00f3: \u201c<em>Estamos muy contentos, tenemos m\u00e1s de treinta brigadistas que est\u00e1n capacit\u00e1ndose ya que la parte climatol\u00f3gica siempre complica las tareas\u201d.<\/em><\/p>\n<p>El <strong>Coordinador del Plan Provincial del Manejo del Fuego Guillermo Ferraris<\/strong> estuvo presente en nuestro departamento durante las capacitaciones, el funcionario explic\u00f3 que: \u201c<em>Se trata de un curso destinado a brigadistas, este es el primero que se realiza y tiene que ver con el an\u00e1lisis y comportamiento de los incendios, principalmente tiene que ver con la seguridad de los brigadistas\u201d.<\/em><\/p>\n<p>En General Alvear ya se trabaja en la prevenci\u00f3n de incendios, haciendo uso de la motoniveladora que lleg\u00f3 desde Naci\u00f3n, y tambi\u00e9n mediante este tipo de capacitaciones que son primordiales para combatir incendios pero tambi\u00e9n para proteger a los brigadistas.<\/p>\n<h5><em>F.B. (F.M. Vi\u00f1as).<\/em><\/h5>\n","protected":false},"excerpt":{"rendered":"<p>Con el objetivo de prevenir y combatir incendios de la manera m\u00e1s eficiente, es que brigadistas est\u00e1n siendo capacitados por la &#8230;<\/p>\n","protected":false},"author":8,"featured_media":57773,"comment_status":"open","ping_status":"open","sticky":false,"template":"","format":"standard","meta":{"footnotes":""},"categories":[5,10],"tags":[],"class_list":["post-57764","post","type-post","status-publish","format-standard","has-post-thumbnail","hentry","category-actualidad","category-destacadas"],"_links":{"self":[{"href":"https:\/\/vinasfm.com\/noticias\/wp-json\/wp\/v2\/posts\/57764","targetHints":{"allow":["GET"]}}],"collection":[{"href":"https:\/\/vinasfm.com\/noticias\/wp-json\/wp\/v2\/posts"}],"about":[{"href":"https:\/\/vinasfm.com\/noticias\/wp-json\/wp\/v2\/types\/post"}],"author":[{"embeddable":true,"href":"https:\/\/vinasfm.com\/noticias\/wp-json\/wp\/v2\/users\/8"}],"replies":[{"embeddable":true,"href":"https:\/\/vinasfm.com\/noticias\/wp-json\/wp\/v2\/comments?post=57764"}],"version-history":[{"count":1,"href":"https:\/\/vinasfm.com\/noticias\/wp-json\/wp\/v2\/posts\/57764\/revisions"}],"predecessor-version":[{"id":57774,"href":"https:\/\/vinasfm.com\/noticias\/wp-json\/wp\/v2\/posts\/57764\/revisions\/57774"}],"wp:featuredmedia":[{"embeddable":true,"href":"https:\/\/vinasfm.com\/noticias\/wp-json\/wp\/v2\/media\/57773"}],"wp:attachment":[{"href":"https:\/\/vinasfm.com\/noticias\/wp-json\/wp\/v2\/media?parent=57764"}],"wp:term":[{"taxonomy":"category","embeddable":true,"href":"https:\/\/vinasfm.com\/noticias\/wp-json\/wp\/v2\/categories?post=57764"},{"taxonomy":"post_tag","embeddable":true,"href":"https:\/\/vinasfm.com\/noticias\/wp-json\/wp\/v2\/tags?post=57764"}],"curies":[{"name":"wp","href":"https:\/\/api.w.org\/{rel}","templated":true}]}}