{"id":57721,"date":"2019-09-02T06:02:22","date_gmt":"2019-09-02T09:02:22","guid":{"rendered":"http:\/\/vinasfm.com\/noticias\/?p=57721"},"modified":"2019-09-02T12:34:41","modified_gmt":"2019-09-02T15:34:41","slug":"el-campeonato-mendocino-mx-de-motocross-hizo-rugir-el-victor-garcia","status":"publish","type":"post","link":"https:\/\/vinasfm.com\/noticias\/el-campeonato-mendocino-mx-de-motocross-hizo-rugir-el-victor-garcia\/","title":{"rendered":"EL CAMPEONATO MENDOCINO MX DE MOTOCROSS HIZO RUGIR EL V\u00cdCTOR GARC\u00cdA"},"content":{"rendered":"<h4><strong>Otro gran espect\u00e1culo del deporte motor se llev\u00f3 adelante en el aut\u00f3dromo de nuestro departamento, la 6\u00ba fecha del Campeonato Mendocino MX de Motocross cont\u00f3 con la presencia de una gran cantidad de p\u00fablico.<\/strong><\/h4>\n<p>Con la presencia del <strong>intendente Walther Marcolini<\/strong>, se corri\u00f3 la <strong>6\u00ba fecha del Campeonato Mendocino de MX de Motocross<\/strong>, este certamen es fiscalizado por la <strong>Federaci\u00f3n Mendocina del Deporte Motor<\/strong>, que en el a\u00f1o 2018 hizo resurgir al motocross mendocino. Del campeonato participan m\u00e1s de 150 pilotos no s\u00f3lo de Mendoza y de Provincias aleda\u00f1as, sino tambi\u00e9n de todo el pa\u00eds, siendo considerado uno de los campeonatos m\u00e1s importantes a nivel nacional no s\u00f3lo por la convocatoria sino tambi\u00e9n por la calidad de los pilotos que participan del mismo.<\/p>\n<p>El <strong>Director de Deportes Jer\u00f3nimo Colla<\/strong> asegur\u00f3 estar muy conforme por lo logrado, sobre todo teniendo en cuenta que es el segundo a\u00f1o consecutivo que este evento llega a General Alvear: \u00ab<em>Este es un circuito mucho m\u00e1s t\u00e9cnico porque es m\u00e1s arenoso lo que genera un gran desaf\u00edo para los pilotos<\/em>\u00ab. El funcionario destac\u00f3 la tarea de la Secretar\u00eda de Obras y Servicios P\u00fablicos para poner la pista en \u00f3ptimas condiciones como as\u00ed tambi\u00e9n la tarea del AAKA que se puso al hombro la organizaci\u00f3n del evento en nuestro departamento.<\/p>\n<p><strong>Pablo Aset<\/strong>, <strong>Presidente de la Asociaci\u00f3n Amigos del Karting Alvearense <\/strong>(<strong>AAKA<\/strong>), agradeci\u00f3 al p\u00fablico, a la Municipalidad de General Alvear y sus diferentes \u00e1reas : \u00ab<em>Creo que este es el mejor circuito de Motocross de Mendoza, y tambi\u00e9n se logr\u00f3 contar con la presencia de cuatriciclos que tambi\u00e9n se mostraron muy satisfechos con el circuito\u00bb,<\/em> asegur\u00f3 <strong>Aset<\/strong>.<\/p>\n<div id=\"attachment_57724\" style=\"width: 300px\" class=\"wp-caption alignleft\"><a href=\"http:\/\/vinasfm.com\/noticias\/wp-content\/uploads\/2019\/09\/6\u00ba-fecha-motocross-3-de-7.jpg\"><img loading=\"lazy\" decoding=\"async\" aria-describedby=\"caption-attachment-57724\" class=\"wp-image-57724 size-medium\" src=\"http:\/\/vinasfm.com\/noticias\/wp-content\/uploads\/2019\/09\/6\u00ba-fecha-motocross-3-de-7-300x200.jpg\" alt=\"\" width=\"300\" height=\"200\" srcset=\"https:\/\/vinasfm.com\/noticias\/wp-content\/uploads\/2019\/09\/6\u00ba-fecha-motocross-3-de-7-300x200.jpg 300w, https:\/\/vinasfm.com\/noticias\/wp-content\/uploads\/2019\/09\/6\u00ba-fecha-motocross-3-de-7-768x512.jpg 768w, https:\/\/vinasfm.com\/noticias\/wp-content\/uploads\/2019\/09\/6\u00ba-fecha-motocross-3-de-7-1024x683.jpg 1024w\" sizes=\"auto, (max-width: 300px) 100vw, 300px\" \/><\/a><p id=\"caption-attachment-57724\" class=\"wp-caption-text\">Vista \u00e1rea del V\u00edctor Garc\u00eda.<\/p><\/div>\n<p>El alvearense <strong>Julio Quiroga<\/strong> <strong>se qued\u00f3 con la Categor\u00eda M\u00e1ster<\/strong>, contradiciendo al dicho popular y demostrando que se puede ser profeta en tierra propia: \u00ab<em>Estoy muy contento, pudimos ganar en Alvear y apoyar a los organizadores que tanto hacen por el motociclismo en el departamento<\/em>\u00ab, expres\u00f3.\u00a0 El piloto tambi\u00e9n destac\u00f3 el trabajo realizado en el circuito y tambi\u00e9n en los alrededores. <strong>En cuatriciclos<\/strong>, <strong>el ganador fue Lucas Gil<\/strong>, quien manifest\u00f3: \u00ab<em>Pudimos ganar despu\u00e9s de tanto esfuerzo y sacrificio que hicimos. Es la primera vez que corr\u00edamos ac\u00e1 y nos encontramos con un circuito muy lindo<\/em>\u00ab.<\/p>\n<p>Resultados finales en:<\/p>\n<p><a href=\"https:\/\/m.facebook.com\/mxmotocrossmendoza\/\">https:\/\/m.facebook.com\/mxmotocrossmendoza\/<\/a><\/p>\n<h5><em>F.B. (F.M. Vi\u00f1as).<\/em><\/h5>\n","protected":false},"excerpt":{"rendered":"<p>Otro gran espect\u00e1culo del deporte motor se llev\u00f3 adelante en el aut\u00f3dromo de nuestro departamento, la 6\u00ba fecha del Campeonato Mendocino &#8230;<\/p>\n","protected":false},"author":8,"featured_media":57263,"comment_status":"open","ping_status":"open","sticky":false,"template":"","format":"standard","meta":{"footnotes":""},"categories":[5,3],"tags":[],"class_list":["post-57721","post","type-post","status-publish","format-standard","has-post-thumbnail","hentry","category-actualidad","category-deportes"],"_links":{"self":[{"href":"https:\/\/vinasfm.com\/noticias\/wp-json\/wp\/v2\/posts\/57721","targetHints":{"allow":["GET"]}}],"collection":[{"href":"https:\/\/vinasfm.com\/noticias\/wp-json\/wp\/v2\/posts"}],"about":[{"href":"https:\/\/vinasfm.com\/noticias\/wp-json\/wp\/v2\/types\/post"}],"author":[{"embeddable":true,"href":"https:\/\/vinasfm.com\/noticias\/wp-json\/wp\/v2\/users\/8"}],"replies":[{"embeddable":true,"href":"https:\/\/vinasfm.com\/noticias\/wp-json\/wp\/v2\/comments?post=57721"}],"version-history":[{"count":2,"href":"https:\/\/vinasfm.com\/noticias\/wp-json\/wp\/v2\/posts\/57721\/revisions"}],"predecessor-version":[{"id":57732,"href":"https:\/\/vinasfm.com\/noticias\/wp-json\/wp\/v2\/posts\/57721\/revisions\/57732"}],"wp:featuredmedia":[{"embeddable":true,"href":"https:\/\/vinasfm.com\/noticias\/wp-json\/wp\/v2\/media\/57263"}],"wp:attachment":[{"href":"https:\/\/vinasfm.com\/noticias\/wp-json\/wp\/v2\/media?parent=57721"}],"wp:term":[{"taxonomy":"category","embeddable":true,"href":"https:\/\/vinasfm.com\/noticias\/wp-json\/wp\/v2\/categories?post=57721"},{"taxonomy":"post_tag","embeddable":true,"href":"https:\/\/vinasfm.com\/noticias\/wp-json\/wp\/v2\/tags?post=57721"}],"curies":[{"name":"wp","href":"https:\/\/api.w.org\/{rel}","templated":true}]}}