{"id":57719,"date":"2019-09-02T08:00:33","date_gmt":"2019-09-02T11:00:33","guid":{"rendered":"http:\/\/vinasfm.com\/noticias\/?p=57719"},"modified":"2019-09-03T08:52:48","modified_gmt":"2019-09-03T11:52:48","slug":"carmensa-se-produjo-una-rina-en-una-fiesta-y-un-hombre-resulto-lesionado","status":"publish","type":"post","link":"https:\/\/vinasfm.com\/noticias\/carmensa-se-produjo-una-rina-en-una-fiesta-y-un-hombre-resulto-lesionado\/","title":{"rendered":"CARMENSA: SE PRODUJO UNA RI\u00d1A EN UNA FIESTA Y UN HOMBRE RESULT\u00d3 LESIONADO"},"content":{"rendered":"<h4><strong>En la madrugada de este domingo una fiesta termin\u00f3 mal en el distrito de Carmensa cuando se desat\u00f3 una ri\u00f1a entre dos hombres que termin\u00f3 con uno de ellos lesionado. \u00a0<\/strong><\/h4>\n<p>A las <strong>05:30h<\/strong> personal policial fue alertado al 911 sobre una <strong>brutal gresca<\/strong> que se produjo en una fiesta que se desarrollaba en la intersecci\u00f3n de <strong>calles Hip\u00f3lito Irigoyen y San Juan en Carmensa<\/strong>. Uno de los participantes del enfrentamiento <strong>fue trasladado por los familiares al nosocomio local<\/strong> ya que result\u00f3 lesionado con herida de arma blanca en <strong><em>muslo derecho<\/em><\/strong>.<\/p>\n<p>Seg\u00fan informaron desde el <strong>Hospital \u201cEnfermeros Argentinos\u201d<\/strong> la v\u00edctima se encuentra alojada en Terapia Intensiva con posible traslado al Hospital Central de la Ciudad de Mendoza por la gravedad que reviste.<\/p>\n<p>Se labraron actuaciones en \u00a0\u201c<strong><em>Averiguaci\u00f3n lesiones con arma blanca<\/em><\/strong>\u201d en Comisar\u00eda 14\u00b0 bajo instrucci\u00f3n de la Oficina Fiscal de General Alvear.<\/p>\n<h5><em>F.B. (F.M. Vi\u00f1as). \u00a0<\/em><\/h5>\n","protected":false},"excerpt":{"rendered":"<p>En la madrugada de este domingo una fiesta termin\u00f3 mal en el distrito de Carmensa cuando se desat\u00f3 una ri\u00f1a entre &#8230;<\/p>\n","protected":false},"author":8,"featured_media":37045,"comment_status":"open","ping_status":"open","sticky":false,"template":"","format":"standard","meta":{"footnotes":""},"categories":[5,4],"tags":[],"class_list":["post-57719","post","type-post","status-publish","format-standard","has-post-thumbnail","hentry","category-actualidad","category-policiales"],"_links":{"self":[{"href":"https:\/\/vinasfm.com\/noticias\/wp-json\/wp\/v2\/posts\/57719","targetHints":{"allow":["GET"]}}],"collection":[{"href":"https:\/\/vinasfm.com\/noticias\/wp-json\/wp\/v2\/posts"}],"about":[{"href":"https:\/\/vinasfm.com\/noticias\/wp-json\/wp\/v2\/types\/post"}],"author":[{"embeddable":true,"href":"https:\/\/vinasfm.com\/noticias\/wp-json\/wp\/v2\/users\/8"}],"replies":[{"embeddable":true,"href":"https:\/\/vinasfm.com\/noticias\/wp-json\/wp\/v2\/comments?post=57719"}],"version-history":[{"count":1,"href":"https:\/\/vinasfm.com\/noticias\/wp-json\/wp\/v2\/posts\/57719\/revisions"}],"predecessor-version":[{"id":57720,"href":"https:\/\/vinasfm.com\/noticias\/wp-json\/wp\/v2\/posts\/57719\/revisions\/57720"}],"wp:featuredmedia":[{"embeddable":true,"href":"https:\/\/vinasfm.com\/noticias\/wp-json\/wp\/v2\/media\/37045"}],"wp:attachment":[{"href":"https:\/\/vinasfm.com\/noticias\/wp-json\/wp\/v2\/media?parent=57719"}],"wp:term":[{"taxonomy":"category","embeddable":true,"href":"https:\/\/vinasfm.com\/noticias\/wp-json\/wp\/v2\/categories?post=57719"},{"taxonomy":"post_tag","embeddable":true,"href":"https:\/\/vinasfm.com\/noticias\/wp-json\/wp\/v2\/tags?post=57719"}],"curies":[{"name":"wp","href":"https:\/\/api.w.org\/{rel}","templated":true}]}}