{"id":57663,"date":"2019-08-31T08:30:52","date_gmt":"2019-08-31T11:30:52","guid":{"rendered":"http:\/\/vinasfm.com\/noticias\/?p=57663"},"modified":"2019-08-31T09:00:13","modified_gmt":"2019-08-31T12:00:13","slug":"se-declaro-de-interes-social-y-educativo-el-proyecto-salvemos-tu-vida-sin-importar-quien-eres","status":"publish","type":"post","link":"https:\/\/vinasfm.com\/noticias\/se-declaro-de-interes-social-y-educativo-el-proyecto-salvemos-tu-vida-sin-importar-quien-eres\/","title":{"rendered":"SE DECLAR\u00d3 DE INTER\u00c9S SOCIAL Y EDUCATIVO EL PROYECTO \u00abSALVEMOS TU VIDA SIN IMPORTAR QUI\u00c9N ERES\u00bb"},"content":{"rendered":"<p><strong>Se declar\u00f3 de Inter\u00e9s Social y Educativo el proyecto del PJ, \u00abSalvemos tu vida sin importar qui\u00e9n eres\u00bb, presentado por los alumnos de 1\u00b0 a\u00f1o ciclo b\u00e1sico, divisi\u00f3n \u00abU\u00bb del CEBJA 3-084 \u00abOasis del Atuel\u00bb de San Pedro del Atuel.<\/strong><\/p>\n<h4><strong>Los alumnos participaron en la instancia Departamental, Provincial y Nacional de la Feria de Ciencias<\/strong>, obteniendo el primer premio a Nivel Nacional, el \u00fanico proyecto representante de Mendoza.<\/h4>\n<p>Este proyecto <strong>surgi\u00f3 a partir de la propuesta de una alumna que manifest\u00f3 que su padre cumple funciones en Bomberos Voluntarios de Bowen<\/strong>, y propuso una charla referida a la problem\u00e1tica del mon\u00f3xido de carbono.<\/p>\n<p>Esta problem\u00e1tica <strong>aqueja a la comunidad del Distrito de San Pedro del Atu<\/strong>el, ya que el mismo no cuenta con red de gas natural, debiendo los vecinos calefaccionarse con le\u00f1a, existiendo un potencial riesgo de intoxicaci\u00f3n con mon\u00f3xido de carbono.<\/p>\n<p>A partir de esta charla, surgi\u00f3 la inquietud acerca de la necesidad de un cuartel de bomberos en el distrito mencionado anteriormente, para colaborar con los distintos casos que se presentan ante eventuales incendios y sus potenciales efectos hacia la comunidad.<\/p>\n<p>Los alumnos procedieron a realizar entrevistas con distintos actores sociales de la comunidad, Dirigentes Pol\u00edticos que cumplen funciones en la Municipalidad, oficiales de diferentes comisar\u00edas del medio y dirigentes de diferentes cuarteles de bomberos con asiento en nuestro Departamento.<\/p>\n<p><strong>Este proyecto tiene como objetivo fortalecer y resaltar el valor del bombero, persona que realiza una funci\u00f3n social desinteresada, pensando en el pr\u00f3jimo, dejando de lado sus propios intereses y necesidades.<\/strong><\/p>\n<p>El <strong>Honorable Concejo Deliberante declara Inter\u00e9s Social y Educativo el proyecto \u00abSalvemos tu vida sin importar qui\u00e9n eres\u00bb<\/strong>, presentado por alumnos de 1\u00b0 a\u00f1o ciclo b\u00e1sico, divisi\u00f3n \u00abU\u00bb del CEBJA 3-084 \u00abOasis del Atuel\u00bb de San Pedro del Atuel, <strong>logrando el primer premio a Nivel Nacional, con la exposici\u00f3n de los alumnos Patricia J. Mart\u00ednez y Agust\u00edn A. Alba, y el asesoramiento del docente Luis S. Alcaino.<\/strong><\/p>\n<h5><em>R.B (F.M. Vi\u00f1as).<\/em><\/h5>\n<p>&nbsp;<\/p>\n<p>&nbsp;<\/p>\n","protected":false},"excerpt":{"rendered":"<p>Se declar\u00f3 de Inter\u00e9s Social y Educativo el proyecto del PJ, \u00abSalvemos tu vida sin importar qui\u00e9n eres\u00bb, presentado por los &#8230;<\/p>\n","protected":false},"author":8,"featured_media":57664,"comment_status":"open","ping_status":"open","sticky":false,"template":"","format":"standard","meta":{"footnotes":""},"categories":[5,26],"tags":[],"class_list":["post-57663","post","type-post","status-publish","format-standard","has-post-thumbnail","hentry","category-actualidad","category-hcd"],"_links":{"self":[{"href":"https:\/\/vinasfm.com\/noticias\/wp-json\/wp\/v2\/posts\/57663","targetHints":{"allow":["GET"]}}],"collection":[{"href":"https:\/\/vinasfm.com\/noticias\/wp-json\/wp\/v2\/posts"}],"about":[{"href":"https:\/\/vinasfm.com\/noticias\/wp-json\/wp\/v2\/types\/post"}],"author":[{"embeddable":true,"href":"https:\/\/vinasfm.com\/noticias\/wp-json\/wp\/v2\/users\/8"}],"replies":[{"embeddable":true,"href":"https:\/\/vinasfm.com\/noticias\/wp-json\/wp\/v2\/comments?post=57663"}],"version-history":[{"count":1,"href":"https:\/\/vinasfm.com\/noticias\/wp-json\/wp\/v2\/posts\/57663\/revisions"}],"predecessor-version":[{"id":57665,"href":"https:\/\/vinasfm.com\/noticias\/wp-json\/wp\/v2\/posts\/57663\/revisions\/57665"}],"wp:featuredmedia":[{"embeddable":true,"href":"https:\/\/vinasfm.com\/noticias\/wp-json\/wp\/v2\/media\/57664"}],"wp:attachment":[{"href":"https:\/\/vinasfm.com\/noticias\/wp-json\/wp\/v2\/media?parent=57663"}],"wp:term":[{"taxonomy":"category","embeddable":true,"href":"https:\/\/vinasfm.com\/noticias\/wp-json\/wp\/v2\/categories?post=57663"},{"taxonomy":"post_tag","embeddable":true,"href":"https:\/\/vinasfm.com\/noticias\/wp-json\/wp\/v2\/tags?post=57663"}],"curies":[{"name":"wp","href":"https:\/\/api.w.org\/{rel}","templated":true}]}}