{"id":57584,"date":"2019-08-29T08:54:27","date_gmt":"2019-08-29T11:54:27","guid":{"rendered":"http:\/\/vinasfm.com\/noticias\/?p=57584"},"modified":"2019-08-30T10:27:24","modified_gmt":"2019-08-30T13:27:24","slug":"asi-estara-el-tiempo-durante-los-proximos-dias","status":"publish","type":"post","link":"https:\/\/vinasfm.com\/noticias\/asi-estara-el-tiempo-durante-los-proximos-dias\/","title":{"rendered":"AS\u00cd ESTAR\u00c1 EL TIEMPO DURANTE LOS PR\u00d3XIMOS D\u00cdAS"},"content":{"rendered":"<p><strong>Este jueves se presentar\u00e1 parcialmente nublado y ventoso con descenso de la temperatura, vientos moderados del sudeste. Inestable en cordillera. Ingreso de frente fr\u00edo. M\u00e1xima: 22\u00baC.<\/strong><\/p>\n<p>Para el <strong>viernes<\/strong>, de acuerdo a lo que indica el pron\u00f3stico emitido por Defensa Civil, habr\u00e1 poca nubosidad con poco cambio de la temperatura, vientos leves del sector sur. M\u00e1xima: 20\u00baC M\u00ednima: 6\u00baC<\/p>\n<p>Durante el <strong>s\u00e1bado<\/strong>, poca nubosidad con poco cambio de la temperatura, vientos leves del sudeste. M\u00e1xima: 21\u00baC M\u00ednima: 6\u00baC<\/p>\n<h5><em><strong>A.C.<\/strong><\/em><\/h5>\n","protected":false},"excerpt":{"rendered":"<p>Este jueves se presentar\u00e1 parcialmente nublado y ventoso con descenso de la temperatura, vientos moderados del sudeste. Inestable en cordillera. Ingreso &#8230;<\/p>\n","protected":false},"author":7,"featured_media":36690,"comment_status":"open","ping_status":"open","sticky":false,"template":"","format":"standard","meta":{"footnotes":""},"categories":[5,36],"tags":[],"class_list":["post-57584","post","type-post","status-publish","format-standard","has-post-thumbnail","hentry","category-actualidad","category-pronostico"],"_links":{"self":[{"href":"https:\/\/vinasfm.com\/noticias\/wp-json\/wp\/v2\/posts\/57584","targetHints":{"allow":["GET"]}}],"collection":[{"href":"https:\/\/vinasfm.com\/noticias\/wp-json\/wp\/v2\/posts"}],"about":[{"href":"https:\/\/vinasfm.com\/noticias\/wp-json\/wp\/v2\/types\/post"}],"author":[{"embeddable":true,"href":"https:\/\/vinasfm.com\/noticias\/wp-json\/wp\/v2\/users\/7"}],"replies":[{"embeddable":true,"href":"https:\/\/vinasfm.com\/noticias\/wp-json\/wp\/v2\/comments?post=57584"}],"version-history":[{"count":1,"href":"https:\/\/vinasfm.com\/noticias\/wp-json\/wp\/v2\/posts\/57584\/revisions"}],"predecessor-version":[{"id":57585,"href":"https:\/\/vinasfm.com\/noticias\/wp-json\/wp\/v2\/posts\/57584\/revisions\/57585"}],"wp:featuredmedia":[{"embeddable":true,"href":"https:\/\/vinasfm.com\/noticias\/wp-json\/wp\/v2\/media\/36690"}],"wp:attachment":[{"href":"https:\/\/vinasfm.com\/noticias\/wp-json\/wp\/v2\/media?parent=57584"}],"wp:term":[{"taxonomy":"category","embeddable":true,"href":"https:\/\/vinasfm.com\/noticias\/wp-json\/wp\/v2\/categories?post=57584"},{"taxonomy":"post_tag","embeddable":true,"href":"https:\/\/vinasfm.com\/noticias\/wp-json\/wp\/v2\/tags?post=57584"}],"curies":[{"name":"wp","href":"https:\/\/api.w.org\/{rel}","templated":true}]}}