{"id":57577,"date":"2019-08-29T08:41:28","date_gmt":"2019-08-29T11:41:28","guid":{"rendered":"http:\/\/vinasfm.com\/noticias\/?p=57577"},"modified":"2019-08-30T09:58:25","modified_gmt":"2019-08-30T12:58:25","slug":"desde-el-pj-cargaron-contra-el-comisario-videla-por-sus-dichos-acerca-de-que-hay-sectores-que-agitan-la-inseguridad","status":"publish","type":"post","link":"https:\/\/vinasfm.com\/noticias\/desde-el-pj-cargaron-contra-el-comisario-videla-por-sus-dichos-acerca-de-que-hay-sectores-que-agitan-la-inseguridad\/","title":{"rendered":"DESDE EL PJ CARGARON CONTRA EL COMISARIO VIDELA POR SUS DICHOS ACERCA DE QUE \u201cHAY SECTORES QUE AGITAN LA INSEGURIDAD\u201d"},"content":{"rendered":"<p><strong>En relaci\u00f3n a las declaraciones del Comisario Rafael Videla, luego de la seguidilla de il\u00edcitos y hechos vand\u00e1licos, el Concejal Gustavo Vendramin (PJ) se\u00f1al\u00f3 en F.M. Vi\u00f1as, que \u201cno aporta nada a la soluci\u00f3n de la lucha contra la inseguridad\u201d.<\/strong><\/p>\n<p>En este sentido <strong>desde el bloque del PJ van a presentar en el HCD, un pedido de informe para que el comisario \u201c<em>explique sus palabras<\/em><\/strong><em> en relaci\u00f3n a esta supuesta agitaci\u00f3n en a\u00f1os electorales del delito<\/em>\u201d.<\/p>\n<p>\u201c<em>Desde el PJ hay una molestia importante, creemos que son frases desacertadas. En primer lugar por el tiempo en que nos encontramos viviendo y segundo, <strong>si el comisario Videla tiene las pruebas necesarias para poder demostrar estas circunstancias, tiene que presentarse ante la fiscal\u00eda.<\/strong> Al ser un funcionario p\u00fablico deber\u00eda conocer el procedimiento y denunciar a los sujetos que se encuentran en estas aparentes situaciones\u201d<\/em>, manifest\u00f3 en un claro tono de descontento.<\/p>\n<p>Agreg\u00f3 que <em><strong>\u201cnos sentimos injuriados con estas palabras porque en lo local solo hay dos fuerzas pol\u00edticas, el oficialismo, (UCR, PRO y PD), y la oposici\u00f3n que es el PJ, por lo tanto si hay alg\u00fan tipo de agitaci\u00f3n indirectamente se est\u00e1 acusando al Partido Justicialista\u201d<\/strong><\/em>.<\/p>\n<p>\u201c<strong><em>Queremos que explique sus dichos, que determine las personas con nombre y apellido\u201d<\/em><\/strong>, indic\u00f3.<\/p>\n<p>Para finalizar sostuvo que \u201c<em><strong>me parece que hay que tener otro tipo de responsabilidad. Tampoco ayuda mucho a solucionar en \u00faltima instancia el fen\u00f3meno que tenemos de inseguridad<\/strong>\u201d<\/em>.<\/p>\n<h5><strong><em>A.C.<\/em><\/strong><\/h5>\n","protected":false},"excerpt":{"rendered":"<p>En relaci\u00f3n a las declaraciones del Comisario Rafael Videla, luego de la seguidilla de il\u00edcitos y hechos vand\u00e1licos, el Concejal Gustavo &#8230;<\/p>\n","protected":false},"author":7,"featured_media":35593,"comment_status":"open","ping_status":"open","sticky":false,"template":"","format":"standard","meta":{"footnotes":""},"categories":[5,7,33],"tags":[],"class_list":["post-57577","post","type-post","status-publish","format-standard","has-post-thumbnail","hentry","category-actualidad","category-politica","category-seguridad"],"_links":{"self":[{"href":"https:\/\/vinasfm.com\/noticias\/wp-json\/wp\/v2\/posts\/57577","targetHints":{"allow":["GET"]}}],"collection":[{"href":"https:\/\/vinasfm.com\/noticias\/wp-json\/wp\/v2\/posts"}],"about":[{"href":"https:\/\/vinasfm.com\/noticias\/wp-json\/wp\/v2\/types\/post"}],"author":[{"embeddable":true,"href":"https:\/\/vinasfm.com\/noticias\/wp-json\/wp\/v2\/users\/7"}],"replies":[{"embeddable":true,"href":"https:\/\/vinasfm.com\/noticias\/wp-json\/wp\/v2\/comments?post=57577"}],"version-history":[{"count":1,"href":"https:\/\/vinasfm.com\/noticias\/wp-json\/wp\/v2\/posts\/57577\/revisions"}],"predecessor-version":[{"id":57578,"href":"https:\/\/vinasfm.com\/noticias\/wp-json\/wp\/v2\/posts\/57577\/revisions\/57578"}],"wp:featuredmedia":[{"embeddable":true,"href":"https:\/\/vinasfm.com\/noticias\/wp-json\/wp\/v2\/media\/35593"}],"wp:attachment":[{"href":"https:\/\/vinasfm.com\/noticias\/wp-json\/wp\/v2\/media?parent=57577"}],"wp:term":[{"taxonomy":"category","embeddable":true,"href":"https:\/\/vinasfm.com\/noticias\/wp-json\/wp\/v2\/categories?post=57577"},{"taxonomy":"post_tag","embeddable":true,"href":"https:\/\/vinasfm.com\/noticias\/wp-json\/wp\/v2\/tags?post=57577"}],"curies":[{"name":"wp","href":"https:\/\/api.w.org\/{rel}","templated":true}]}}