{"id":57571,"date":"2019-08-29T08:50:12","date_gmt":"2019-08-29T11:50:12","guid":{"rendered":"http:\/\/vinasfm.com\/noticias\/?p=57571"},"modified":"2019-08-29T08:50:12","modified_gmt":"2019-08-29T11:50:12","slug":"el-iscamen-abrio-la-inscripcion-para-exportar-frutas-de-pepita-a-brasil","status":"publish","type":"post","link":"https:\/\/vinasfm.com\/noticias\/el-iscamen-abrio-la-inscripcion-para-exportar-frutas-de-pepita-a-brasil\/","title":{"rendered":"EL ISCAMEN ABRI\u00d3 LA INSCRIPCI\u00d3N PARA EXPORTAR FRUTAS DE PEPITA A BRASIL"},"content":{"rendered":"<h4><strong>Hasta el 27 de septiembre est\u00e1 abierta la inscripci\u00f3n para los productores de frutas de pepita que deseen exportar a Brasil bajo el Sistema de Mitigaci\u00f3n de Riesgo (SMR) que emplea el Iscamen.<\/strong><\/h4>\n<p><strong>Los productores de\u00a0manzana, peras y membrillos<em>\u00a0<\/em>de la provincia<\/strong> que deseen inscribirse <strong>deber\u00e1n presentar DNI, fotocopias del comprobante de inscripci\u00f3n en RENSPA-RUT<\/strong> actualizado, <strong>fotocopia del comprobante de CUIT<\/strong> y <strong>fotocopia del comprobante de pago de la inscripci\u00f3n<\/strong>. En caso de sociedad o apoderado, deber\u00e1 presentar fotocopia del poder general o especial.<\/p>\n<p><strong>Los costos para productores son de $50<\/strong> para gastos administrativos, $<strong>100 cuaderno de campo<\/strong> y <strong>$190 por cada hect\u00e1rea inscripta<\/strong>.<\/p>\n<p>Aquellos productores que hab\u00edan adherido la temporada anterior deber\u00e1n presentar \u00fanicamente la inscripci\u00f3n en el <strong>RENSPA-RUT<\/strong> actualizado.<\/p>\n<p><strong>LUGARES DE INSCRIPCI\u00d3N<\/strong><\/p>\n<ul>\n<li>Sede Central: Boulogne Sur Mer 3050, Ciudad. Tel\u00e9fonos: 261 4299013 y 4299015<\/li>\n<li>Valle de Uco: Dalmau esq. Yrigoyen, Tunuy\u00e1n.\u00a0Tel\u00e9fono: 02622 423709<\/li>\n<li>San Rafael: Av. Mitre 5400, Cuadro Nacional.\u00a0 Tel\u00e9fono: 0260 4442032<\/li>\n<li><strong>Senasa General Alvear: Diagonal Pelegrini y Fleming. Tel\u00e9fono: 02625 422175<\/strong>.<\/li>\n<\/ul>\n<h5><em>F.B. (F.M. Vi\u00f1as).<\/em><\/h5>\n<p>&nbsp;<\/p>\n","protected":false},"excerpt":{"rendered":"<p>Hasta el 27 de septiembre est\u00e1 abierta la inscripci\u00f3n para los productores de frutas de pepita que deseen exportar a Brasil &#8230;<\/p>\n","protected":false},"author":8,"featured_media":57572,"comment_status":"open","ping_status":"open","sticky":false,"template":"","format":"standard","meta":{"footnotes":""},"categories":[5,35],"tags":[],"class_list":["post-57571","post","type-post","status-publish","format-standard","has-post-thumbnail","hentry","category-actualidad","category-iscamen"],"_links":{"self":[{"href":"https:\/\/vinasfm.com\/noticias\/wp-json\/wp\/v2\/posts\/57571","targetHints":{"allow":["GET"]}}],"collection":[{"href":"https:\/\/vinasfm.com\/noticias\/wp-json\/wp\/v2\/posts"}],"about":[{"href":"https:\/\/vinasfm.com\/noticias\/wp-json\/wp\/v2\/types\/post"}],"author":[{"embeddable":true,"href":"https:\/\/vinasfm.com\/noticias\/wp-json\/wp\/v2\/users\/8"}],"replies":[{"embeddable":true,"href":"https:\/\/vinasfm.com\/noticias\/wp-json\/wp\/v2\/comments?post=57571"}],"version-history":[{"count":1,"href":"https:\/\/vinasfm.com\/noticias\/wp-json\/wp\/v2\/posts\/57571\/revisions"}],"predecessor-version":[{"id":57573,"href":"https:\/\/vinasfm.com\/noticias\/wp-json\/wp\/v2\/posts\/57571\/revisions\/57573"}],"wp:featuredmedia":[{"embeddable":true,"href":"https:\/\/vinasfm.com\/noticias\/wp-json\/wp\/v2\/media\/57572"}],"wp:attachment":[{"href":"https:\/\/vinasfm.com\/noticias\/wp-json\/wp\/v2\/media?parent=57571"}],"wp:term":[{"taxonomy":"category","embeddable":true,"href":"https:\/\/vinasfm.com\/noticias\/wp-json\/wp\/v2\/categories?post=57571"},{"taxonomy":"post_tag","embeddable":true,"href":"https:\/\/vinasfm.com\/noticias\/wp-json\/wp\/v2\/tags?post=57571"}],"curies":[{"name":"wp","href":"https:\/\/api.w.org\/{rel}","templated":true}]}}