{"id":57562,"date":"2019-08-29T08:36:13","date_gmt":"2019-08-29T11:36:13","guid":{"rendered":"http:\/\/vinasfm.com\/noticias\/?p=57562"},"modified":"2019-08-29T08:36:13","modified_gmt":"2019-08-29T11:36:13","slug":"habilitan-en-la-provincia-la-licencia-nacional-de-conducir-digital","status":"publish","type":"post","link":"https:\/\/vinasfm.com\/noticias\/habilitan-en-la-provincia-la-licencia-nacional-de-conducir-digital\/","title":{"rendered":"HABILITAN EN LA PROVINCIA LA LICENCIA NACIONAL DE CONDUCIR DIGITAL"},"content":{"rendered":"<h4><strong>La C\u00e1mara de Diputados dio sanci\u00f3n final al proyecto de Ley venido en revisi\u00f3n del Senado, por el cual se habilita la Licencia Nacional de Conducir Digital para transitar en \u201ctodas las calles y caminos de la provincia de Mendoza\u201d. Se trata de una iniciativa impulsada por Alejandro Diumenjo (UCR), que incorpora y modifica diversos art\u00edculos de la Ley N\u00ba 9024 (Tr\u00e1nsito).<\/strong><\/h4>\n<p>Adem\u00e1s de la habilitaci\u00f3n de la <strong>Licencia Nacional de Conducir Digital<\/strong>, a trav\u00e9s de la incorporaci\u00f3n del art\u00edculo 21 bis de la 9024, la Ley dispone que la <strong>Direcci\u00f3n de Seguridad Vial y la Direcci\u00f3n de Unidad Ejecutiva de Seguridad Vial<\/strong>, arbitrar\u00e1n los medios para la digitalizaci\u00f3n de la Licencia Nacional de Conducir, en coordinaci\u00f3n con la <strong>Agencia Nacional de Seguridad Vial<\/strong>.<\/p>\n<p>Asimismo, se incorpora como <strong>art\u00edculo 21 ter<\/strong>, que \u201c<em>a los fines de constataci\u00f3n, verificaci\u00f3n o control de la autoridad se tendr\u00e1 por equivalente jur\u00eddicamente a la Licencia Nacional de Conducir Digital con la expedida por la autoridad en los t\u00e9rminos del art\u00edculo 21. Siempre que la misma se encontrare vigente y sin ninguna restricci\u00f3n\u201d.<\/em><\/p>\n<p>Seg\u00fan se\u00f1ala el autor de la normativa en la fundamentaci\u00f3n, \u201c<em>el nuevo formato digital representa mejoras en los operativos de control y fiscalizaci\u00f3n, ya que cuenta con estrictos niveles de seguridad que la convierten en un documento seguro, confiable e inviolable ya que funciona con algoritmos de cifrado y firmas para asegurar su validez. A trav\u00e9s de ella, se registrar\u00e1n todas las fiscalizaciones, ser\u00e1 posible consultar online y al instante la identificaci\u00f3n del usuario, la titularidad del veh\u00edculo y las c\u00e9dulas verde y\/o azul\u201d.<\/em><\/p>\n<p>En general, las modificaciones previstas a la <strong>Ley de Tr\u00e1nsito<\/strong> tienen que ver precisamente, con la incorporaci\u00f3n de la <strong>Licencia Digital<\/strong> a distintos art\u00edculos de la norma, como por ejemplo, se establece la \u201c<em>coordinaci\u00f3n efectiva y permanente<\/em>\u201d en materia de <strong>Seguridad Vial<\/strong> y documentaci\u00f3n electr\u00f3nica de los particulares y veh\u00edculos, \u201c<em>con la Naci\u00f3n y con otras jurisdicciones Provinciales, a trav\u00e9s de la Agencia Nacional de Seguridad Vial<\/em>\u201d.<\/p>\n<p>Tambi\u00e9n se establece, entre otros aspectos, que \u201c<em>al s\u00f3lo requerimiento de la autoridad competente, se debe presentar la Licencia Nacional de Conducir F\u00edsica o la Licencia Nacional de Conducir Digital, siendo las dos igualmente equivalentes e indistintas, la c\u00e9dula de identificaci\u00f3n del veh\u00edculo y\/o c\u00e9dula de identificaci\u00f3n para autorizado a conducir o autorizaci\u00f3n expedida por Escribano P\u00fablico Nacional, p\u00f3liza y comprobante de seguro vigente<\/em>\u201d, la que \u201c<em>debe ser devuelta inmediatamente de ser verificada\u201d.<\/em><\/p>\n<p>De igual forma, dispone que \u201c<em>negando o siendo reticente a suministrar en casos de ser requerida por la autoridad de aplicaci\u00f3n, los datos esenciales de la Licencia Nacional de Conducir, ya sea en soporte F\u00edsico o Digital expedida por la autoridad pertinente a trav\u00e9s de los medios habilitados o del seguro obligatorio\u201d.<\/em><\/p>\n<p>Durante el tratamiento en el recinto, el <strong>diputado Jorge Albarrac\u00edn<\/strong> (<strong>UCR<\/strong>), titular de la <strong>comisi\u00f3n de Legislaci\u00f3n y Asuntos Constitucionales<\/strong>, argument\u00f3 que \u201c<em>la Licencia de Conducir Digital, es un proyecto que ven\u00eda del Senado, mediante el cual cada uno de nosotros una vez que se produce la validaci\u00f3n pertinente, va a poder llevarla en el celular y ser\u00e1 equivalente a la Licencia de Conducir que tenemos actualmente, \u00a0con lo cual, se podr\u00e1n tener las dos\u201d.<\/em><\/p>\n<p>\u201c<em>La ventaja es que con s\u00f3lo presentarla desde el celular, la polic\u00eda, con el instrumento adecuado, va a validarla a trav\u00e9s de un c\u00f3digo QR. Adem\u00e1s, la informaci\u00f3n se actualiza diariamente<\/em>\u201d, agreg\u00f3.<\/p>\n<h5><em>F.B. (F.M. Vi\u00f1as).<\/em><\/h5>\n","protected":false},"excerpt":{"rendered":"<p>La C\u00e1mara de Diputados dio sanci\u00f3n final al proyecto de Ley venido en revisi\u00f3n del Senado, por el cual se habilita &#8230;<\/p>\n","protected":false},"author":8,"featured_media":57564,"comment_status":"open","ping_status":"open","sticky":false,"template":"","format":"standard","meta":{"footnotes":""},"categories":[5,33],"tags":[],"class_list":["post-57562","post","type-post","status-publish","format-standard","has-post-thumbnail","hentry","category-actualidad","category-seguridad"],"_links":{"self":[{"href":"https:\/\/vinasfm.com\/noticias\/wp-json\/wp\/v2\/posts\/57562","targetHints":{"allow":["GET"]}}],"collection":[{"href":"https:\/\/vinasfm.com\/noticias\/wp-json\/wp\/v2\/posts"}],"about":[{"href":"https:\/\/vinasfm.com\/noticias\/wp-json\/wp\/v2\/types\/post"}],"author":[{"embeddable":true,"href":"https:\/\/vinasfm.com\/noticias\/wp-json\/wp\/v2\/users\/8"}],"replies":[{"embeddable":true,"href":"https:\/\/vinasfm.com\/noticias\/wp-json\/wp\/v2\/comments?post=57562"}],"version-history":[{"count":1,"href":"https:\/\/vinasfm.com\/noticias\/wp-json\/wp\/v2\/posts\/57562\/revisions"}],"predecessor-version":[{"id":57565,"href":"https:\/\/vinasfm.com\/noticias\/wp-json\/wp\/v2\/posts\/57562\/revisions\/57565"}],"wp:featuredmedia":[{"embeddable":true,"href":"https:\/\/vinasfm.com\/noticias\/wp-json\/wp\/v2\/media\/57564"}],"wp:attachment":[{"href":"https:\/\/vinasfm.com\/noticias\/wp-json\/wp\/v2\/media?parent=57562"}],"wp:term":[{"taxonomy":"category","embeddable":true,"href":"https:\/\/vinasfm.com\/noticias\/wp-json\/wp\/v2\/categories?post=57562"},{"taxonomy":"post_tag","embeddable":true,"href":"https:\/\/vinasfm.com\/noticias\/wp-json\/wp\/v2\/tags?post=57562"}],"curies":[{"name":"wp","href":"https:\/\/api.w.org\/{rel}","templated":true}]}}