{"id":57503,"date":"2019-08-28T08:41:09","date_gmt":"2019-08-28T11:41:09","guid":{"rendered":"http:\/\/vinasfm.com\/noticias\/?p=57503"},"modified":"2019-08-28T08:41:09","modified_gmt":"2019-08-28T11:41:09","slug":"varios-sitios-de-alvear-oeste-se-convertiran-en-atractivos-turisticos","status":"publish","type":"post","link":"https:\/\/vinasfm.com\/noticias\/varios-sitios-de-alvear-oeste-se-convertiran-en-atractivos-turisticos\/","title":{"rendered":"VARIOS SITIOS DE ALVEAR OESTE SE CONVERTIR\u00c1N EN ATRACTIVOS TUR\u00cdSTICOS"},"content":{"rendered":"<h4><strong>En el especial de \u2018Puntos de Vista\u2019 transmitido desde Alvear Oeste tuvo participaci\u00f3n la Directora de Turismo Fabiana Gonz\u00e1lez expresando el deseo de que distintos lugares del distrito formen parte del itinerario tur\u00edstico alvearense.<\/strong><\/h4>\n<p>\u201c<em>Hay que trabajar pensando que se puede ser un pueblo aut\u00e9ntico. Oeste todav\u00eda tiene las caracter\u00edsticas de sus construcciones, de sus calles, algo que no se ve en el interior de una cuidad. <strong>La historia que tiene y tuvo Alvear Oeste necesita ser conocida<\/strong><\/em>\u201d, resalt\u00f3 la <strong>Directora<\/strong>.<\/p>\n<p><em>\u201cAlvear Oeste tiene un gran potencial y <strong>ojal\u00e1 podamos transformarlo en un atractivo tur\u00edstico que acompa\u00f1ado con su historia lo hacen un lugar incre\u00edble<\/strong><\/em>\u201d, concluy\u00f3 <strong>Gonz\u00e1lez<\/strong>.<\/p>\n<h5><em>R.B. (F.M. Vi\u00f1as).<\/em><\/h5>\n","protected":false},"excerpt":{"rendered":"<p>En el especial de \u2018Puntos de Vista\u2019 transmitido desde Alvear Oeste tuvo participaci\u00f3n la Directora de Turismo Fabiana Gonz\u00e1lez expresando el &#8230;<\/p>\n","protected":false},"author":8,"featured_media":57504,"comment_status":"open","ping_status":"open","sticky":false,"template":"","format":"standard","meta":{"footnotes":""},"categories":[5,20],"tags":[],"class_list":["post-57503","post","type-post","status-publish","format-standard","has-post-thumbnail","hentry","category-actualidad","category-turismo"],"_links":{"self":[{"href":"https:\/\/vinasfm.com\/noticias\/wp-json\/wp\/v2\/posts\/57503","targetHints":{"allow":["GET"]}}],"collection":[{"href":"https:\/\/vinasfm.com\/noticias\/wp-json\/wp\/v2\/posts"}],"about":[{"href":"https:\/\/vinasfm.com\/noticias\/wp-json\/wp\/v2\/types\/post"}],"author":[{"embeddable":true,"href":"https:\/\/vinasfm.com\/noticias\/wp-json\/wp\/v2\/users\/8"}],"replies":[{"embeddable":true,"href":"https:\/\/vinasfm.com\/noticias\/wp-json\/wp\/v2\/comments?post=57503"}],"version-history":[{"count":1,"href":"https:\/\/vinasfm.com\/noticias\/wp-json\/wp\/v2\/posts\/57503\/revisions"}],"predecessor-version":[{"id":57505,"href":"https:\/\/vinasfm.com\/noticias\/wp-json\/wp\/v2\/posts\/57503\/revisions\/57505"}],"wp:featuredmedia":[{"embeddable":true,"href":"https:\/\/vinasfm.com\/noticias\/wp-json\/wp\/v2\/media\/57504"}],"wp:attachment":[{"href":"https:\/\/vinasfm.com\/noticias\/wp-json\/wp\/v2\/media?parent=57503"}],"wp:term":[{"taxonomy":"category","embeddable":true,"href":"https:\/\/vinasfm.com\/noticias\/wp-json\/wp\/v2\/categories?post=57503"},{"taxonomy":"post_tag","embeddable":true,"href":"https:\/\/vinasfm.com\/noticias\/wp-json\/wp\/v2\/tags?post=57503"}],"curies":[{"name":"wp","href":"https:\/\/api.w.org\/{rel}","templated":true}]}}