{"id":57491,"date":"2019-08-28T09:25:18","date_gmt":"2019-08-28T12:25:18","guid":{"rendered":"http:\/\/vinasfm.com\/noticias\/?p=57491"},"modified":"2019-08-28T10:14:00","modified_gmt":"2019-08-28T13:14:00","slug":"el-intendente-destaco-el-avance-en-la-concrecion-de-obras-en-alvear","status":"publish","type":"post","link":"https:\/\/vinasfm.com\/noticias\/el-intendente-destaco-el-avance-en-la-concrecion-de-obras-en-alvear\/","title":{"rendered":"EL INTENDENTE DESTAC\u00d3 EL AVANCE EN LA CONCRECI\u00d3N DE OBRAS EN ALVEAR"},"content":{"rendered":"<h4><strong>Con la participaci\u00f3n del intendente Walther Marcolini, se inaugur\u00f3 la nueva delegaci\u00f3n de Alvear Oeste, un espacio donde los vecinos del distrito ser\u00e1n atendidos con la comodidad que merecen.<\/strong><\/h4>\n<p><strong>Esta obra mejorar\u00e1 la atenci\u00f3n a los vecinos del lugar, afirm\u00f3 el intendente Walther Marcolini<\/strong> durante su discurso. Adem\u00e1s <strong>resalt\u00f3 el n\u00famero de obras p\u00fablicas que se ha realizado y que se est\u00e1 llevando a cabo en el distrito<\/strong> como la <strong>remodelaci\u00f3n de la plaza, el agua potable en zona rural, que si bien no era responsabilidad del Municipio, se puso manos a la obra para resolver la problem\u00e1tica<\/strong><em>. \u201cEsto tiene que ver con una visi\u00f3n de lo que queremos hacer, de lo que se est\u00e1 haciendo y hacia d\u00f3nde vamos, del compromiso que tiene nuestro Gobierno para con nuestros vecinos\u201d<\/em> dijo el <strong>Jefe Comunal<\/strong>.<\/p>\n<p><em>\u201cEstamos transitando d\u00edas muy cargados de actividades. Estoy contento porque la concreci\u00f3n de actividades significa la mejora de la calidad de vida de los mendocinos, de los vecinos y el pueblo, significa que el Estado funciona y tiene la capacidad de resiliencia para dar respuestas en medios de las dificultades. No hay posibilidad de conseguir los objetivos si no hay una cantidad de gente con una misma visi\u00f3n y un mismo objetivo. Alvear Oeste es un extraordinario distrito\u201d.<\/em><\/p>\n<p><em>\u201cTenemos un mont\u00f3n de actividades de obras p\u00fablicas que se traducen en mejoras para cada vecino. En El Matadero se est\u00e1n realizando obras, en el Barrio Zangrandi, en zonas rurales con el agua potable. El Municipio tiene la responsabilidad de brindar los recursos b\u00e1sicos como el agua potable a toda la poblaci\u00f3n y la zona rural. En Los Compartos hemos estado resolviendo problemas. El compromiso que tiene nuestro Gobierno es el compromiso para con los vecinos. Adem\u00e1s la Plaza Manuel Belgrano est\u00e1 en ejecuci\u00f3n integral de remodelaci\u00f3n. Tenemos una situaci\u00f3n en\u00a0 la que los ingresos decaen y los gastos aumentan lo que hace poner muy atenta la mirada en la Pol\u00edtica Fiscal. Queremos un Estado presente que est\u00e9 con los vecinos que m\u00e1s lo necesita y el vecino que requiere obras brindando soluciones a sus problemas. En el Barrio Rodr\u00edguez estamos realizando una gran obra. Lo que es la \u2018Casa Cabral\u2019 va a ser restaurada\u201d <\/em>a\u00f1adi\u00f3 <strong>Marcolini.<\/strong><\/p>\n<p><strong>Walther Marcolini anunci\u00f3 que ya est\u00e1 trabajando la empresa que a partir del 1\u00ba de Enero tendr\u00e1 a su cargo la realizaci\u00f3n de la Verificaci\u00f3n T\u00e9cnica Vehicular,<\/strong> que <strong>se instalar\u00e1 en Alvear Oeste con objetivo de generar actividad econ\u00f3mica en el distrito<\/strong>: <em>\u201cEs una inversi\u00f3n significativa, que contar\u00e1 con una gran nave industrial que permitir\u00e1 la VTV de motos, veh\u00edculos livianos y en un futuro para camiones\u201d.<\/em><\/p>\n<p>Los vecinos del distrito, rebosantes de alegr\u00eda, acompa\u00f1aron este momento y expresaron su sentir: <em>\u201cEstamos muy contentos por los logros y la gesti\u00f3n que se realiz\u00f3, muy agradecidos al intendente y al delegado por todo esto\u201d dijo Hebe Tamborini, vecina que se acerc\u00f3 para presenciar este evento. Carlos Kotani, Presidente del Centro de Jubilados de Alvear Oeste no solo manifest\u00f3 su felicidad por la flamante delegaci\u00f3n sino tambi\u00e9n por las obras que est\u00e1n en marcha: \u201cVamos a tener un lugar para verificar nuestro veh\u00edculo, que antes hab\u00eda que hacerlo en San Rafael, esto es algo extraordinario para nuestro distrito, y a eso hay que sumarle la obra de la plaza y el Barrio Rodr\u00edguez<\/em>\u201d dijo.<\/p>\n<p><strong>En el programa \u2018Puntos de Vista\u2019 trasmitido desde Alvear Oeste y en contacto con F.M. Vi\u00f1as, el Intendente Walther Marcolini habl\u00f3 acerca de la remodelaci\u00f3n de \u2018Casa Cabral\u2019<\/strong><\/p>\n<p><em>\u201cEl sol volvi\u00f3 a brillar lo que le pone tonalidad al encuentro. Estas cosas son importantes y esperadas. Hace ma\u00f1os que Oeste se merec\u00eda tener su propia delegaci\u00f3n. El a\u00f1o que viene hace falta proyectar una construcci\u00f3n mayor para que la licencia de conducir quede en Alvear Oeste. En buena hora que se puedan concretar las obras, hay un nivel de actividad importante. A la hora de analizar los recursos me piden que aflojemos porque la situaci\u00f3n esta compleja pero yo les digo \u2018Pensemos que pasar\u00eda si el Municipio frenara toda obra\u2019. Hemos logrado reducir los plazos de pago lo que es una concepci\u00f3n de la Pol\u00edtica Econom\u00eda. La intervenci\u00f3n del Estado tiene que ser moderada. La Argentina necesita salir del c\u00edrculo vicioso que tanto mal le hace<\/em> \u201ccoment\u00f3 en <strong>Intendente.<\/strong><\/p>\n<p>Con respecto al <strong>Museo Ferroviario<\/strong> que estar\u00e1 ubicado en dicho distrito coment\u00f3<em>: \u201cEs un proyecto de larga data que es muy propicio en Alvear Oeste por el hecho del desarrollo ferroviario que ha tenido Oeste. Se solicito la \u2018Casa Cabral\u2019 con el prop\u00f3sito de poder hacerlo. Siempre est\u00e1n las prioridades como la terminaci\u00f3n de las cloacas, de la Plaza y del Barrio Rodr\u00edguez, es por eso que est\u00e1 proyectado para un futuro\u201d<\/em> concluy\u00f3.<\/p>\n<h5><em>F.B (F.M. Vi\u00f1as).<\/em><\/h5>\n","protected":false},"excerpt":{"rendered":"<p>Con la participaci\u00f3n del intendente Walther Marcolini, se inaugur\u00f3 la nueva delegaci\u00f3n de Alvear Oeste, un espacio donde los vecinos del &#8230;<\/p>\n","protected":false},"author":8,"featured_media":57492,"comment_status":"open","ping_status":"open","sticky":false,"template":"","format":"standard","meta":{"footnotes":""},"categories":[5,29,7],"tags":[],"class_list":["post-57491","post","type-post","status-publish","format-standard","has-post-thumbnail","hentry","category-actualidad","category-obras-y-servicios","category-politica"],"_links":{"self":[{"href":"https:\/\/vinasfm.com\/noticias\/wp-json\/wp\/v2\/posts\/57491","targetHints":{"allow":["GET"]}}],"collection":[{"href":"https:\/\/vinasfm.com\/noticias\/wp-json\/wp\/v2\/posts"}],"about":[{"href":"https:\/\/vinasfm.com\/noticias\/wp-json\/wp\/v2\/types\/post"}],"author":[{"embeddable":true,"href":"https:\/\/vinasfm.com\/noticias\/wp-json\/wp\/v2\/users\/8"}],"replies":[{"embeddable":true,"href":"https:\/\/vinasfm.com\/noticias\/wp-json\/wp\/v2\/comments?post=57491"}],"version-history":[{"count":1,"href":"https:\/\/vinasfm.com\/noticias\/wp-json\/wp\/v2\/posts\/57491\/revisions"}],"predecessor-version":[{"id":57494,"href":"https:\/\/vinasfm.com\/noticias\/wp-json\/wp\/v2\/posts\/57491\/revisions\/57494"}],"wp:featuredmedia":[{"embeddable":true,"href":"https:\/\/vinasfm.com\/noticias\/wp-json\/wp\/v2\/media\/57492"}],"wp:attachment":[{"href":"https:\/\/vinasfm.com\/noticias\/wp-json\/wp\/v2\/media?parent=57491"}],"wp:term":[{"taxonomy":"category","embeddable":true,"href":"https:\/\/vinasfm.com\/noticias\/wp-json\/wp\/v2\/categories?post=57491"},{"taxonomy":"post_tag","embeddable":true,"href":"https:\/\/vinasfm.com\/noticias\/wp-json\/wp\/v2\/tags?post=57491"}],"curies":[{"name":"wp","href":"https:\/\/api.w.org\/{rel}","templated":true}]}}