{"id":57334,"date":"2019-08-26T08:34:06","date_gmt":"2019-08-26T11:34:06","guid":{"rendered":"http:\/\/vinasfm.com\/noticias\/?p=57334"},"modified":"2019-08-27T10:14:00","modified_gmt":"2019-08-27T13:14:00","slug":"se-inauguro-la-nueva-sede-de-la-delegacion-de-alvear-oeste","status":"publish","type":"post","link":"https:\/\/vinasfm.com\/noticias\/se-inauguro-la-nueva-sede-de-la-delegacion-de-alvear-oeste\/","title":{"rendered":"SE INAUGUR\u00d3 LA NUEVA SEDE DE LA DELEGACI\u00d3N DE ALVEAR OESTE"},"content":{"rendered":"<h4><strong>Con la participaci\u00f3n del intendente Walther Marcolini, se inaugur\u00f3 la nueva delegaci\u00f3n de Alvear Oeste, un espacio donde los vecinos del distrito ser\u00e1n atendidos con la comodidad que merecen.<\/strong><\/h4>\n<p>Pensando en obras que mejoren la calidad de vida de los vecinos es que se inaugur\u00f3 la <strong>nueva delegaci\u00f3n de Alvear Oeste<\/strong>, una obra que mejorar\u00e1 la atenci\u00f3n a los vecinos del lugar, el <strong>intendente Walther Marcolini<\/strong> durante su discurso resalt\u00f3 el n\u00famero de obra p\u00fablica que se ha realizado y que se est\u00e1 llevando a cabo en el distrito como la remodelaci\u00f3n de la plaza, el agua potable en zona rural, que si bien no era responsabilidad del Municipio, se puso manos a la obra para resolver la problem\u00e1tica. \u201c<em>Esto tiene que ver con una visi\u00f3n de lo que queremos hacer, de lo que se est\u00e1 haciendo y hacia adonde vamos, del compromiso que tiene nuestro Gobierno para con nuestros vecinos<\/em>\u201d dijo el Jefe Comunal.<\/p>\n<p>Marcolini anunci\u00f3 que ya est\u00e1 trabajando la empresa que <strong>a partir del 1\u00ba de Enero tendr\u00e1 a su cargo la realizaci\u00f3n de la Verificaci\u00f3n T\u00e9cnica Vehicular<\/strong>, que se instalar\u00e1 en Alvear Oeste con objetivo de generar actividad econ\u00f3mica en el distrito: \u201c<em>Es una inversi\u00f3n significativa, que contar\u00e1 con una gran nave industrial que permitir\u00e1 la VTV de motos, veh\u00edculos livianos y en un futuro para camiones\u201d.<\/em><\/p>\n<p>Los vecinos del distrito acompa\u00f1aron este momento y expresaron su sentir: \u201c<em>Estamos muy contentos por los logros y la gesti\u00f3n que se realiz\u00f3, muy agradecidos al intendente y al delegado por todo esto<\/em>\u201d dijo <strong>Hebe Tamborini<\/strong>, vecina que se acerc\u00f3 para presenciar este evento. <strong>Carlos Kotani<\/strong>, <strong>Presidente del Centro de Jubilados\u00a0 de Alvear Oeste<\/strong> no solo manifest\u00f3 su felicidad por la flamante delegaci\u00f3n sino tambi\u00e9n por las obras que est\u00e1n en marcha: \u201c<em>Vamos a tener un lugar par verificar nuestro veh\u00edculo, que antes hab\u00eda que hacerlo en San Rafael, esto es algo extraordinario para nuestro distrito, y a eso hay que sumarle la obra de la plaza y el Barrio Rodr\u00edguez<\/em>\u201d, se\u00f1al\u00f3.<\/p>\n<p>El <strong>delegado de Alvear Oeste Mariano Varela<\/strong> explic\u00f3 algunas de las tareas realizadas como la ampliaci\u00f3n de la cocina y otras mejoras, todas las tareas hechas \u00edntegramente con mano de obra municipal. \u201c<em>Esperamos que los vecinos sean parte, esto se hizo para que tengan una mejor atenci\u00f3n y para que los empleados de la delegaci\u00f3n trabajen de mejor manera, adem\u00e1s estamos trabajando en barrio Zangrandi, en la Plaza y en las cloacas<\/em>\u201d, asever\u00f3.<\/p>\n<p><strong>V\u00edctor \u00c1lvarez, Secretario de Obras y Servicios P\u00fablicos<\/strong>, brind\u00f3 algunos detalles acerca de la obra que cont\u00f3 con una remodelaci\u00f3n completa. Asimismo resalt\u00f3 las tareas que se est\u00e1n llevando adelante en la plaza \u00edntegramente con recursos municipales. \u201c<em>Es in\u00e9dito que un Municipio se encargue de la remodelaci\u00f3n completa de una plaza, el intendente tom\u00f3 esa posta y los empleados comunales est\u00e1n trabajando acorde a las necesidades de los habitantes\u201d.<\/em><\/p>\n<p>En Oeste se <strong><em>contin\u00faa con las tareas de cloacas, la segunda etapa del Barrio Rodr\u00edguez, el nuevo programa de asfalto que contempla 400 cuadras, el SUM del barrio Costa del Atuel, la Uni\u00f3n Vecinal del Barrio Isla Gorostiague, el SUM de barrio Los Ranqueles, la cancha del Barrio San miguel Arc\u00e1ngel, viviendas sobre Costa del Atuel <\/em><\/strong>y otras obras que est\u00e1n proyectadas.<\/p>\n<h5><em>F.B. (F.M. Vi\u00f1as).<\/em><\/h5>\n","protected":false},"excerpt":{"rendered":"<p>Con la participaci\u00f3n del intendente Walther Marcolini, se inaugur\u00f3 la nueva delegaci\u00f3n de Alvear Oeste, un espacio donde los vecinos del &#8230;<\/p>\n","protected":false},"author":8,"featured_media":57335,"comment_status":"open","ping_status":"open","sticky":false,"template":"","format":"standard","meta":{"footnotes":""},"categories":[5,29],"tags":[],"class_list":["post-57334","post","type-post","status-publish","format-standard","has-post-thumbnail","hentry","category-actualidad","category-obras-y-servicios"],"_links":{"self":[{"href":"https:\/\/vinasfm.com\/noticias\/wp-json\/wp\/v2\/posts\/57334","targetHints":{"allow":["GET"]}}],"collection":[{"href":"https:\/\/vinasfm.com\/noticias\/wp-json\/wp\/v2\/posts"}],"about":[{"href":"https:\/\/vinasfm.com\/noticias\/wp-json\/wp\/v2\/types\/post"}],"author":[{"embeddable":true,"href":"https:\/\/vinasfm.com\/noticias\/wp-json\/wp\/v2\/users\/8"}],"replies":[{"embeddable":true,"href":"https:\/\/vinasfm.com\/noticias\/wp-json\/wp\/v2\/comments?post=57334"}],"version-history":[{"count":1,"href":"https:\/\/vinasfm.com\/noticias\/wp-json\/wp\/v2\/posts\/57334\/revisions"}],"predecessor-version":[{"id":57380,"href":"https:\/\/vinasfm.com\/noticias\/wp-json\/wp\/v2\/posts\/57334\/revisions\/57380"}],"wp:featuredmedia":[{"embeddable":true,"href":"https:\/\/vinasfm.com\/noticias\/wp-json\/wp\/v2\/media\/57335"}],"wp:attachment":[{"href":"https:\/\/vinasfm.com\/noticias\/wp-json\/wp\/v2\/media?parent=57334"}],"wp:term":[{"taxonomy":"category","embeddable":true,"href":"https:\/\/vinasfm.com\/noticias\/wp-json\/wp\/v2\/categories?post=57334"},{"taxonomy":"post_tag","embeddable":true,"href":"https:\/\/vinasfm.com\/noticias\/wp-json\/wp\/v2\/tags?post=57334"}],"curies":[{"name":"wp","href":"https:\/\/api.w.org\/{rel}","templated":true}]}}