{"id":57229,"date":"2019-08-22T08:49:00","date_gmt":"2019-08-22T11:49:00","guid":{"rendered":"http:\/\/vinasfm.com\/noticias\/?p=57229"},"modified":"2019-08-23T08:50:07","modified_gmt":"2019-08-23T11:50:07","slug":"congelan-las-tarifas-de-luz-y-agua-en-mendoza-hasta-que-pasen-las-elecciones","status":"publish","type":"post","link":"https:\/\/vinasfm.com\/noticias\/congelan-las-tarifas-de-luz-y-agua-en-mendoza-hasta-que-pasen-las-elecciones\/","title":{"rendered":"CONGELAN LAS TARIFAS DE LUZ Y AGUA EN MENDOZA HASTA NOVIEMBRE"},"content":{"rendered":"<h4><strong>El Gobierno provincial dispuso que por 90 d\u00edas no har\u00e1 cambios en el costo de la energ\u00eda el\u00e9ctrica. Aysam tambi\u00e9n se mantiene.<\/strong><\/h4>\n<p>El paquete econ\u00f3mico que lanz\u00f3 el Ejecutivo Nacional sigue expandiendo su alcance en el pa\u00eds. Las \u201cmedidas sociales\u201d para intentar amortiguar el impacto que gener\u00f3 la devaluaci\u00f3n en el \u201cbolsillo de la gente\u201d incluyen un \u201ccongelamiento\u201d de la nafta.<\/p>\n<p>Tambi\u00e9n en Mendoza se suspendieron hasta noviembre algunas revisiones tarifarias previstas para los pr\u00f3ximos meses tanto en\u00a0 la luz como el agua.<\/p>\n<p>El congelamiento de tarifas va a tener un impacto sobre el \u00edndice inflacionario de agosto y setiembre, morigerando la suba prevista para esos meses por la devaluaci\u00f3n. Los servicios p\u00fablicos son los principales focos de atenci\u00f3n para los usuarios residenciales de la provincia frente a un invierno que exigi\u00f3 d\u00edas de m\u00e1s calefacci\u00f3n a causa del fr\u00edo.<\/p>\n<h4><strong>Luces encendidas <\/strong><\/h4>\n<p>No habr\u00e1 nuevos incrementos en las tarifas de los servicios p\u00fablicos hasta noviembre de jurisdicci\u00f3n provincial, una vez que hayan pasado las elecciones general de Mendoza (29 de setiembre) y nacionales (27 de octubre).<\/p>\n<p>En el caso de la energ\u00eda el\u00e9ctrica, el Ente Provincial Regulador El\u00e9ctrico (EPRE), mediante la Resoluci\u00f3n N\u00b0221\/2019, resolvi\u00f3 aplazar toda suba por el plazo de 90 d\u00edas.<\/p>\n<p>La normativa establece que se mantendr\u00e1 \u201cel valor del PPST Com\u00fan en 120,4 $\/kW, ello con vigencia\u00a0 desde el 1\u00ba de agosto hasta el 31 de octubre de 2.019\u201d. Eso quiere decir que no se modificar\u00e1 la tarifa que pagan los usuarios, al menos hasta noviembre, tal como anunci\u00f3 el Gobierno Nacional.<\/p>\n<p>La \u00faltima suba de la luz\u00a0 fue del 16% promedio en julio de este a\u00f1o, tras el reajuste del Valor Agregado de Distribuci\u00f3n (VAD), \u00edtem que depende de la Provincia. Las facturas de electricidad hab\u00edan tenido otras dos actualizaciones este a\u00f1o. Una en febrero, con un ajuste del 26%, y otra en mayo, del 3%, exceptuando al usuario residencial.<\/p>\n<h4><strong>Aguas claras<\/strong><\/h4>\n<p>Richard Battagi\u00f3n, titular de Agua y Saneamiento Mendoza (Aysam), al ser consultado sobre las tarifas destac\u00f3: \u201cEl agua no han variado durante 2019, no creo que eso se modifique. La inflaci\u00f3n, obvio, le quit\u00f3 valor a la tarifa pero el Gobernador ha visto inconveniente dar curso a una actualizaci\u00f3n\u201d. Recordemos que en febrero pasado la empresa le solicit\u00f3 al Gobierno al menos el 50% de ajuste sobre la tarifa del agua en 2019; en 2018 se autoriz\u00f3 una suba del 78%.<\/p>\n<h4><strong>Gas controlado<\/strong><\/h4>\n<p>En cuanto a las tarifas del gas, seg\u00fan dictamin\u00f3 en el mes de junio la Resoluci\u00f3n 336\/2019 de la Secretar\u00eda de Energ\u00eda, el incremento\u00a0 deber\u00e1 ser pagado a partir de diciembre, es decir, una semana despu\u00e9s de un eventual balotaje presidencial (24 de noviembre) .<\/p>\n<p>En el art\u00edculo primero la medida dispone establecer con car\u00e1cter excepcional un diferimiento de pago del 22% en las facturas emitidas a partir del 1\u00ba de julio de 2019 y hasta el 31 de octubre. Con respecto a este servicio, se realizan dos ajustes anuales: en octubre y abril. La de 2019 estableci\u00f3 una suba de 25,3% que se aplic\u00f3 en tres veces: 6% en abril, 10% en mayo y 8% en junio.<\/p>\n<p>Pero el Enargas estableci\u00f3 un diferimiento en el pago de las boletas de invierno. De este modo, el 22% del consumo entre julio y octubre se pagar\u00e1 desde diciembre hasta abril del pr\u00f3ximo a\u00f1o. De esta manera se produce un \u201caplanamiento\u201d tarifario.<\/p>\n<h4><strong>Mini Plan Primavera<\/strong><\/h4>\n<p>En el mes de abril, el poder Ejecutivo nacional adelant\u00f3 las medidas acordadas con el radicalismo. Descuentos en medicamentos, relanzamiento del plan Procrear y cortes de carne a precios fijos. Estas acciones impulsadas por el Ministerio de Econom\u00eda incluyeron el congelamiento hasta fin de a\u00f1o de las tarifas de servicios p\u00fablicos, precios fijos por seis meses en productos b\u00e1sicos (programas Precios Claros y Cuidados), beneficios para las pymes, descuentos en los medicamentos y un decreto para establecer un nuevo r\u00e9gimen de control a los supermercados.<\/p>\n<p>El anuncio, oralizado por los ministros Dujovne, Sica y Stanley, tambi\u00e9n contempl\u00f3 los planes de pago de la AFIP para regularizar deudas vencidas al 31 de enero para todos los contribuyentes.<\/p>\n<p><em><strong>Fuente: Los Andes \/ Edici\u00f3n: A.C.<\/strong><\/em><\/p>\n","protected":false},"excerpt":{"rendered":"<p>El Gobierno provincial dispuso que por 90 d\u00edas no har\u00e1 cambios en el costo de la energ\u00eda el\u00e9ctrica. Aysam tambi\u00e9n se &#8230;<\/p>\n","protected":false},"author":7,"featured_media":37004,"comment_status":"open","ping_status":"open","sticky":false,"template":"","format":"standard","meta":{"footnotes":""},"categories":[5],"tags":[],"class_list":["post-57229","post","type-post","status-publish","format-standard","has-post-thumbnail","hentry","category-actualidad"],"_links":{"self":[{"href":"https:\/\/vinasfm.com\/noticias\/wp-json\/wp\/v2\/posts\/57229","targetHints":{"allow":["GET"]}}],"collection":[{"href":"https:\/\/vinasfm.com\/noticias\/wp-json\/wp\/v2\/posts"}],"about":[{"href":"https:\/\/vinasfm.com\/noticias\/wp-json\/wp\/v2\/types\/post"}],"author":[{"embeddable":true,"href":"https:\/\/vinasfm.com\/noticias\/wp-json\/wp\/v2\/users\/7"}],"replies":[{"embeddable":true,"href":"https:\/\/vinasfm.com\/noticias\/wp-json\/wp\/v2\/comments?post=57229"}],"version-history":[{"count":1,"href":"https:\/\/vinasfm.com\/noticias\/wp-json\/wp\/v2\/posts\/57229\/revisions"}],"predecessor-version":[{"id":57241,"href":"https:\/\/vinasfm.com\/noticias\/wp-json\/wp\/v2\/posts\/57229\/revisions\/57241"}],"wp:featuredmedia":[{"embeddable":true,"href":"https:\/\/vinasfm.com\/noticias\/wp-json\/wp\/v2\/media\/37004"}],"wp:attachment":[{"href":"https:\/\/vinasfm.com\/noticias\/wp-json\/wp\/v2\/media?parent=57229"}],"wp:term":[{"taxonomy":"category","embeddable":true,"href":"https:\/\/vinasfm.com\/noticias\/wp-json\/wp\/v2\/categories?post=57229"},{"taxonomy":"post_tag","embeddable":true,"href":"https:\/\/vinasfm.com\/noticias\/wp-json\/wp\/v2\/tags?post=57229"}],"curies":[{"name":"wp","href":"https:\/\/api.w.org\/{rel}","templated":true}]}}