{"id":57153,"date":"2019-08-21T10:30:40","date_gmt":"2019-08-21T13:30:40","guid":{"rendered":"http:\/\/vinasfm.com\/noticias\/?p=57153"},"modified":"2019-08-22T10:21:05","modified_gmt":"2019-08-22T13:21:05","slug":"el-intendente-walther-marcolini-presento-el-proyecto-para-el-nuevo-mercado-municipal","status":"publish","type":"post","link":"https:\/\/vinasfm.com\/noticias\/el-intendente-walther-marcolini-presento-el-proyecto-para-el-nuevo-mercado-municipal\/","title":{"rendered":"EL INTENDENTE WALTHER MARCOLINI PRESENT\u00d3 EL PROYECTO PARA EL \u2018NUEVO MERCADO MUNICIPAL\u2019"},"content":{"rendered":"<h4><strong>El nuevo Mercado Municipal aspira a ser una nueva atracci\u00f3n econ\u00f3mica y social, ofreciendo un nuevo programa de actividades comerciales, art\u00edsticas, tur\u00edsticas y educativas mediante estrategias de proyecto arquitect\u00f3nico-paisaj\u00edstico y de gesti\u00f3n municipal.<\/strong><\/h4>\n<p>El <strong>objetivo principal es contribuir a la mejora de la calidad del espacio urbano p\u00fablico ofreciendo un nuevo lugar de esparcimiento<\/strong>, tambi\u00e9n <strong>embellecer el predio en general<\/strong>. Tambi\u00e9n <strong>mejorar la calidad ambiental<\/strong> en t\u00e9rminos de acondicionamiento clim\u00e1tico y sanitario.<\/p>\n<p>En t\u00e9rminos econ\u00f3micos <strong>se busca dar espacio id\u00f3neo a peque\u00f1os productores para tener acceso directo al consumidor final<\/strong>, colaborar con econom\u00edas familiares que se sustentan gracias a la producci\u00f3n en peque\u00f1a escala, la manufactura y la elaboraci\u00f3n de productos artesanales.<\/p>\n<p>El sitio donde se emplaza ubicado en un punto estrat\u00e9gico de la ciudad, <strong>a 600 m del centro neur\u00e1lgico de la ciudad<\/strong> y a dos cuadras a de la plaza principal. <strong>Esto permite f\u00e1cil llegada de los habitantes del departamento como de visitantes y turistas<\/strong>.<\/p>\n<p><strong>Los cambios que se proponen en el proyecto<\/strong> son los siguientes: <strong><em>nueva fachada y cierre frontal, \u00a0cierre perimetrales, unificar est\u00e9tica de puestos y expositores de mercader\u00eda, incorporar equipamiento: luminarias, bancos de asiento, bebedero, cestos de residuos, instalaci\u00f3n el\u00e9ctrica nueva subterr\u00e1nea, construcci\u00f3n sanitarios y dep\u00f3sito, instalaci\u00f3n de cisterna y riego presurizado, instalaci\u00f3n de gas para acondicionamiento t\u00e9rmico y para servicio de comidas, incorporaci\u00f3n de infraestructura verde<\/em><\/strong>.<\/p>\n<div id=\"attachment_57155\" style=\"width: 300px\" class=\"wp-caption alignleft\"><a href=\"http:\/\/vinasfm.com\/noticias\/wp-content\/uploads\/2019\/08\/Mercado-municipal-6.jpeg\"><img loading=\"lazy\" decoding=\"async\" aria-describedby=\"caption-attachment-57155\" class=\"wp-image-57155 size-medium\" src=\"http:\/\/vinasfm.com\/noticias\/wp-content\/uploads\/2019\/08\/Mercado-municipal-6-300x225.jpeg\" alt=\"\" width=\"300\" height=\"225\" srcset=\"https:\/\/vinasfm.com\/noticias\/wp-content\/uploads\/2019\/08\/Mercado-municipal-6-300x225.jpeg 300w, https:\/\/vinasfm.com\/noticias\/wp-content\/uploads\/2019\/08\/Mercado-municipal-6-768x576.jpeg 768w, https:\/\/vinasfm.com\/noticias\/wp-content\/uploads\/2019\/08\/Mercado-municipal-6-1024x768.jpeg 1024w, https:\/\/vinasfm.com\/noticias\/wp-content\/uploads\/2019\/08\/Mercado-municipal-6.jpeg 1280w\" sizes=\"auto, (max-width: 300px) 100vw, 300px\" \/><\/a><p id=\"caption-attachment-57155\" class=\"wp-caption-text\">Lic. Walther Marcolini en el Mercado Municipal.<\/p><\/div>\n<p>El <strong>Intendente Walther Marcolini<\/strong> manifest\u00f3: \u201c<strong><em>esta es una remodelaci\u00f3n integral<\/em><\/strong><em>, total, <strong>hace un mes atr\u00e1s firm\u00e9 en Buenos Aires un financiamiento de 3 millones y medio de la obra sobre el costo total de 6 millones de pesos<\/strong>. Esta remodelaci\u00f3n <strong>evitar\u00e1 los hechos de vandalismo,<\/strong> los beneficiados ser\u00e1n los puesteros, los cuales estar\u00e1n cerrados, tendr\u00e1n sanitarios, espacios verdes, el proyecto est\u00e1 pensado por la <strong>Secretaria de Obras P\u00fablicas <\/strong>junto con la arquitecta para que Alvear tenga otro lugar m\u00e1s para que aporte a los turistas y adem\u00e1s tiene historia. Esto tiene un plus, que es <strong>un mercado On Line que le permite a los puesteros tener ventas a toda hora del d\u00eda<\/strong>, eso le producir\u00e1 aumentar sus ventas. <strong>El inicio de obra es en el mes de setiembre<\/strong>. <strong>Hasta ahora el mercado funciona con 20 productores<\/strong>, <strong>la idea es duplicar ese n\u00famero y que trabaje m\u00e1s d\u00edas<\/strong><\/em>\u201d.<\/p>\n<p><strong>Rub\u00e9n Feriante del Mercado Municipal <\/strong>expres\u00f3: \u201c<em>los productos que tengo son los de esta \u00e9poca de invierno, zanahoria, zapallo, cebolla, acelga, remolacha entre otros, yo vendo todo, nosotros hemos luchado mucho para tener la electricidad por ejemplo porque todos tenemos balanzas electr\u00f3nicas, todo los que se haga es bueno, todo lo que sea para crecer y avanzar es maravilloso, siempre es bienvenido, nosotros necesitamos de todo, los ba\u00f1os, la tecnolog\u00eda, los espacios verdes, siempre que se avance es bueno<\/em>\u201d.<\/p>\n<p><strong>Mar\u00eda, Feriante<\/strong>\u00a0<strong>del<\/strong> <strong>Mercado Municipal<\/strong> dijeron: \u201c<em>para nosotros es una propuesta muy linda, porque hemos tenido hechos de vandalismo, tambi\u00e9n necesitamos que promocionen nuestros productos afuera, para que se incrementen nuestras ventas y se conozcan los productos, con la tecnolog\u00eda nos van ayudar mucho, es un proyecto muy bueno, los sanitarios es algo fundamental y el cierre tambi\u00e9n sobre todo en invierno, estamos muy contentos\u201d.<\/em><\/p>\n<h5><em>F.B. (F.M. Vi\u00f1as).<\/em><\/h5>\n","protected":false},"excerpt":{"rendered":"<p>El nuevo Mercado Municipal aspira a ser una nueva atracci\u00f3n econ\u00f3mica y social, ofreciendo un nuevo programa de actividades comerciales, art\u00edsticas, &#8230;<\/p>\n","protected":false},"author":8,"featured_media":57154,"comment_status":"open","ping_status":"open","sticky":false,"template":"","format":"standard","meta":{"footnotes":""},"categories":[5,29],"tags":[],"class_list":["post-57153","post","type-post","status-publish","format-standard","has-post-thumbnail","hentry","category-actualidad","category-obras-y-servicios"],"_links":{"self":[{"href":"https:\/\/vinasfm.com\/noticias\/wp-json\/wp\/v2\/posts\/57153","targetHints":{"allow":["GET"]}}],"collection":[{"href":"https:\/\/vinasfm.com\/noticias\/wp-json\/wp\/v2\/posts"}],"about":[{"href":"https:\/\/vinasfm.com\/noticias\/wp-json\/wp\/v2\/types\/post"}],"author":[{"embeddable":true,"href":"https:\/\/vinasfm.com\/noticias\/wp-json\/wp\/v2\/users\/8"}],"replies":[{"embeddable":true,"href":"https:\/\/vinasfm.com\/noticias\/wp-json\/wp\/v2\/comments?post=57153"}],"version-history":[{"count":1,"href":"https:\/\/vinasfm.com\/noticias\/wp-json\/wp\/v2\/posts\/57153\/revisions"}],"predecessor-version":[{"id":57156,"href":"https:\/\/vinasfm.com\/noticias\/wp-json\/wp\/v2\/posts\/57153\/revisions\/57156"}],"wp:featuredmedia":[{"embeddable":true,"href":"https:\/\/vinasfm.com\/noticias\/wp-json\/wp\/v2\/media\/57154"}],"wp:attachment":[{"href":"https:\/\/vinasfm.com\/noticias\/wp-json\/wp\/v2\/media?parent=57153"}],"wp:term":[{"taxonomy":"category","embeddable":true,"href":"https:\/\/vinasfm.com\/noticias\/wp-json\/wp\/v2\/categories?post=57153"},{"taxonomy":"post_tag","embeddable":true,"href":"https:\/\/vinasfm.com\/noticias\/wp-json\/wp\/v2\/tags?post=57153"}],"curies":[{"name":"wp","href":"https:\/\/api.w.org\/{rel}","templated":true}]}}