{"id":57102,"date":"2019-08-20T11:24:26","date_gmt":"2019-08-20T14:24:26","guid":{"rendered":"http:\/\/vinasfm.com\/noticias\/?p=57102"},"modified":"2019-08-21T09:39:00","modified_gmt":"2019-08-21T12:39:00","slug":"a-partir-de-este-sabado-alvear-oeste-tendra-nueva-delegacion","status":"publish","type":"post","link":"https:\/\/vinasfm.com\/noticias\/a-partir-de-este-sabado-alvear-oeste-tendra-nueva-delegacion\/","title":{"rendered":"A PARTIR DE ESTE S\u00c1BADO ALVEAR OESTE TENDR\u00c1 NUEVA DELEGACI\u00d3N"},"content":{"rendered":"<h4><strong>El pr\u00f3ximo s\u00e1bado 24 de agosto a las 11:00h ser\u00e1 inaugurada la Nueva Delegaci\u00f3n de Alvear Oeste ubicada en calle Urquiza. El delegado Mariano Varela invit\u00f3 a toda la comunidad de participar de este evento que se concreta con el fin de mejorar la calidad servicio a los vecinos del lugar.<\/strong><\/h4>\n<p>Se trata de\u00a0<strong>la renovaci\u00f3n y remodelaci\u00f3n de la vieja estaci\u00f3n de \u00f3mnibus del Distrito<\/strong>, donde va a mudar sus oficinas de atenci\u00f3n al p\u00fablico.<\/p>\n<p>\u201c<em>Es un trabajo que se planific\u00f3 desde al a\u00f1o pasado y desde este a\u00f1o se puso en marcha la obra que llev\u00f3 mucho costo. Esto significar\u00e1 que los vecinos obtengan un buen servicio con una buena prestaci\u00f3n de internet para realizar todos los tr\u00e1mites<\/em>\u201d, explic\u00f3\u00a0<strong>el Delegado Mariano Varela.<\/strong><\/p>\n<p>A la vieja estaci\u00f3n de colectivos se va a trasladar la atenci\u00f3n al p\u00fablico de la Delegaci\u00f3n, la cobranza de tasas municipales, el canon de la licencia de conducir, la oficina del Delegado y la cocina.\u00a0<strong>En una segunda etapa habr\u00e1 galpones y cuatro dep\u00f3sitos y se piensa en una tercera con la construcci\u00f3n de un SUM<\/strong>\u00a0para que los vecinos puedan reunirse, subray\u00f3 el\u00a0<strong>Delegado<\/strong>.<\/p>\n<p><a href=\"http:\/\/vinasfm.com\/noticias\/wp-content\/uploads\/2019\/08\/aad49783-8165-4d97-b978-4bb845632d4c.jpg\"><img loading=\"lazy\" decoding=\"async\" class=\" wp-image-57103 aligncenter\" src=\"http:\/\/vinasfm.com\/noticias\/wp-content\/uploads\/2019\/08\/aad49783-8165-4d97-b978-4bb845632d4c-300x140.jpg\" alt=\"\" width=\"525\" height=\"245\" srcset=\"https:\/\/vinasfm.com\/noticias\/wp-content\/uploads\/2019\/08\/aad49783-8165-4d97-b978-4bb845632d4c-300x140.jpg 300w, https:\/\/vinasfm.com\/noticias\/wp-content\/uploads\/2019\/08\/aad49783-8165-4d97-b978-4bb845632d4c-768x359.jpg 768w, https:\/\/vinasfm.com\/noticias\/wp-content\/uploads\/2019\/08\/aad49783-8165-4d97-b978-4bb845632d4c-1024x478.jpg 1024w, https:\/\/vinasfm.com\/noticias\/wp-content\/uploads\/2019\/08\/aad49783-8165-4d97-b978-4bb845632d4c.jpg 1280w\" sizes=\"auto, (max-width: 525px) 100vw, 525px\" \/><\/a><\/p>\n<p><strong>CASA CABRAL: FUTURO MUSEO DE ALVEAR OESTE<\/strong><\/p>\n<p>\u201c<em>La Casa Cabral es hermosa pero no est\u00e1 para funcionar como Delegaci\u00f3n por eso apenas comenzamos nuestra tarea el Intendente nos pido imperiosamente hacer la nueva Delegaci\u00f3n. Ha llevado su tiempo pero va a tener su fruto prestando comodidad a los trabajadores y brindar servicios a los vecinos de Alvear Oeste<\/em>\u201d, subray\u00f3\u00a0<strong>Varela<\/strong>.<\/p>\n<p>De acuerdo a un trabajo de proyecci\u00f3n con la\u00a0<strong>Direcci\u00f3n de Cultura<\/strong>\u00a0y\u00a0<strong>\u00c1rea de Museos<\/strong>, la\u00a0<strong>Casa Cabral<\/strong>\u00a0est\u00e1 destinada a ser el\u00a0<strong>MUSEO DE ALVEAR OESTE\u00a0<\/strong>bajo dos tem\u00e1ticas:\u00a0<em><strong>Ferrocarril <\/strong><\/em>y\u00a0<em><strong>Reinas de la Vendimia<\/strong><\/em>.<\/p>\n<h5><em>F.B. (F.M. Vi\u00f1as).<\/em><\/h5>\n","protected":false},"excerpt":{"rendered":"<p>El pr\u00f3ximo s\u00e1bado 24 de agosto a las 11:00h ser\u00e1 inaugurada la Nueva Delegaci\u00f3n de Alvear Oeste ubicada en calle Urquiza. &#8230;<\/p>\n","protected":false},"author":8,"featured_media":53401,"comment_status":"open","ping_status":"open","sticky":false,"template":"","format":"standard","meta":{"footnotes":""},"categories":[5,29],"tags":[],"class_list":["post-57102","post","type-post","status-publish","format-standard","has-post-thumbnail","hentry","category-actualidad","category-obras-y-servicios"],"_links":{"self":[{"href":"https:\/\/vinasfm.com\/noticias\/wp-json\/wp\/v2\/posts\/57102","targetHints":{"allow":["GET"]}}],"collection":[{"href":"https:\/\/vinasfm.com\/noticias\/wp-json\/wp\/v2\/posts"}],"about":[{"href":"https:\/\/vinasfm.com\/noticias\/wp-json\/wp\/v2\/types\/post"}],"author":[{"embeddable":true,"href":"https:\/\/vinasfm.com\/noticias\/wp-json\/wp\/v2\/users\/8"}],"replies":[{"embeddable":true,"href":"https:\/\/vinasfm.com\/noticias\/wp-json\/wp\/v2\/comments?post=57102"}],"version-history":[{"count":1,"href":"https:\/\/vinasfm.com\/noticias\/wp-json\/wp\/v2\/posts\/57102\/revisions"}],"predecessor-version":[{"id":57104,"href":"https:\/\/vinasfm.com\/noticias\/wp-json\/wp\/v2\/posts\/57102\/revisions\/57104"}],"wp:featuredmedia":[{"embeddable":true,"href":"https:\/\/vinasfm.com\/noticias\/wp-json\/wp\/v2\/media\/53401"}],"wp:attachment":[{"href":"https:\/\/vinasfm.com\/noticias\/wp-json\/wp\/v2\/media?parent=57102"}],"wp:term":[{"taxonomy":"category","embeddable":true,"href":"https:\/\/vinasfm.com\/noticias\/wp-json\/wp\/v2\/categories?post=57102"},{"taxonomy":"post_tag","embeddable":true,"href":"https:\/\/vinasfm.com\/noticias\/wp-json\/wp\/v2\/tags?post=57102"}],"curies":[{"name":"wp","href":"https:\/\/api.w.org\/{rel}","templated":true}]}}