{"id":56995,"date":"2022-08-17T10:00:45","date_gmt":"2022-08-17T13:00:45","guid":{"rendered":"http:\/\/vinasfm.com\/noticias\/?p=56995"},"modified":"2022-08-17T10:20:13","modified_gmt":"2022-08-17T13:20:13","slug":"17-de-agosto-san-martin-el-hombre-detras-del-mito","status":"publish","type":"post","link":"https:\/\/vinasfm.com\/noticias\/17-de-agosto-san-martin-el-hombre-detras-del-mito\/","title":{"rendered":"17 DE AGOSTO: SAN MART\u00cdN, EL HOMBRE DETR\u00c1S DEL MITO"},"content":{"rendered":"<h4><span style=\"color: #000000;\"><strong>El<\/strong>\u00a0<strong>General Jos\u00e9 de San Mart\u00edn\u00a0ten\u00eda 72 a\u00f1os cuando muri\u00f3 repentinamente. Fue el<\/strong>\u00a0<strong>17 de agosto de 1850, al lado de su hija, de su yerno y sus nietas. Dej\u00f3 este mundo en la casa de Boulogne-sur-Mer, Francia, donde vivi\u00f3 sus \u00faltimos a\u00f1os.<\/strong><\/span><\/h4>\n<p><span style=\"color: #000000;\">Su muerte enlut\u00f3 a parte de la actual Am\u00e9rica Latina: <strong>fue el libertador m\u00e1ximo de esta parte del continente y hacedor de la independencia en tierras que entonces estaban bajo el dominio de la Corona de Espa\u00f1a<\/strong>.<\/span><\/p>\n<p><span style=\"color: #000000;\">Al frente del Ej\u00e9rcito en las\u00a0<strong>batallas de Chacabuco y Maip\u00fa<\/strong>\u00a0logr\u00f3 la liberaci\u00f3n de\u00a0<strong>Chile<\/strong>. En Lima atac\u00f3 directamente al poder espa\u00f1ol y en\u00a0<strong>1821<\/strong>\u00a0consigui\u00f3 la independencia de\u00a0<strong>Per\u00fa<\/strong>. Muri\u00f3 en Francia y su cuerpo fue repatriado reci\u00e9n en 1880.<\/span><\/p>\n<p><span style=\"color: #000000;\"><strong>\u00bfQu\u00e9 fue lo que le pas\u00f3?<\/strong>\u00a0Fue una muerte repentina.\u00a0<strong>No hay acta de defunci\u00f3n ni historia cl\u00ednica que constate alguna enfermedad<\/strong>, pero de sus propios escritos \u2014y de los que dejaron sus allegados\u2014 el Padre de la Patria\u00a0<strong>padec\u00eda gota, asma y \u00falcera<\/strong>.<\/span><\/p>\n<p><span style=\"color: #000000;\">Su nombre completo es\u00a0<strong>Jos\u00e9 Francisco de San Mart\u00edn y Matorras<\/strong>\u00a0y naci\u00f3 el<strong>\u00a025 de febrero de 1778<\/strong>\u00a0en Yapey\u00fa, Corrientes, cuando la Argentina no exist\u00eda y el actual territorio nacional\u00a0pertenec\u00eda al Virreinato de R\u00edo de la Plata.<\/span><\/p>\n<p><span style=\"color: #000000;\"><strong>San Mart\u00edn inici\u00f3 su carrera militar en Espa\u00f1a<\/strong>, lugar al que lleg\u00f3 con solo seis a\u00f1os. All\u00ed alcanz\u00f3 el grado de teniente coronel y tras servir 22 a\u00f1os en el Ej\u00e9rcito local decidi\u00f3 regresar a su tierra natal.<\/span><\/p>\n<p><span style=\"color: #000000;\">Al llegar se puso al servicio de la lucha por la independencia de las Provincias Unidas del R\u00edo de la Plata.\u00a0<strong>Nac\u00eda el pr\u00f3cer.<\/strong><\/span><\/p>\n<p><span style=\"color: #000000;\"><em>\u00a0El 12 de noviembre de 1812, a los 34 a\u00f1os, contrajo matrimonio con Mar\u00eda de los Remedios de Escalada, de 14 a\u00f1os, en la Iglesia de la Merced de Buenos Aires.<\/em><\/span><\/p>\n<p><span style=\"color: #000000;\">Su carrera militar en el R\u00edo de la Plata fue excepcional y no tard\u00f3 en convertirse en el l\u00edder de las milicias: su primer paso en estas tierras fue\u00a0la creaci\u00f3n del<strong>\u00a0Regimiento de Granaderos a Caballo<\/strong>\u00a0y m\u00e1s tarde reemplaz\u00f3 al General Manuel Belgrano \u2014tras las derrotas de las\u00a0batallas Vilcapugio y Ayoh\u00fama\u2014 al mando del\u00a0<strong>Ej\u00e9rcito del Norte.<\/strong><\/span><\/p>\n<p><span style=\"color: #000000;\">En\u00a0<strong>1814,<\/strong>\u00a0fue nombrado<strong>\u00a0gobernador de la intendencia de Cuyo<\/strong>, con sede en Mendoza. All\u00ed comenz\u00f3 los preparativos para la campa\u00f1a al Per\u00fa.<\/span><\/p>\n<p><span style=\"color: #000000;\">En\u00a0<strong>1817<\/strong>\u00a0realiz\u00f3 su mayor proeza y la m\u00e1s grande de la historia:\u00a0<strong>el Cruce de los Andes<\/strong>\u00a0con su ej\u00e9rcito.\u00a0As\u00ed inici\u00f3 la conquista anhelada.<\/span><\/p>\n<p><span style=\"color: #000000;\">Tras comandar las<strong>\u00a0batallas de Chacabuco y Maip\u00fa,<\/strong>\u00a0logr\u00f3 la independencia de Chile de la Corona de Espa\u00f1a. Fue por m\u00e1s: dio un rev\u00e9s estrat\u00e9gico contra el enemigo en Lima y atac\u00f3 el epicentro del poder espa\u00f1ol.\u00a0En\u00a0<strong>1821<\/strong>\u00a0liber\u00f3 a Per\u00fa.<\/span><\/p>\n<p><span style=\"color: #000000;\">En\u00a0<strong>1822<\/strong>\u00a0se encontr\u00f3 con su par\u00a0<strong>Sim\u00f3n Bol\u00edvar<\/strong>, con quien sell\u00f3 una de las reuniones m\u00e1s importantes de la historia de la regi\u00f3n,\u00a0<strong>\u00abLa entrevista de Guayaquil\u00bb.\u00a0<\/strong>Como resultado de los acuerdos,<strong>\u00a0San Mart\u00edn dej\u00f3 parte de su ej\u00e9rcito al mando de Bol\u00edvar para continuar con la misi\u00f3n libertadora<\/strong>\u00a0y posteriormente regres\u00f3 a Mendoza.<\/span><\/p>\n<p><span style=\"color: #000000;\">En Cuyo, corr\u00eda enero de\u00a0<strong>1823<\/strong>, el Libertador pidi\u00f3 regresar a Buenos Aires para acompa\u00f1ar a su esposa enferma. La aprobaci\u00f3n lleg\u00f3 tarde: el 3 de agosto de ese a\u00f1o\u00a0<strong>Remedios de Escalada muri\u00f3.<\/strong><\/span><\/p>\n<p><span style=\"color: #000000;\">De retorno a Buenos Aires, la situaci\u00f3n no era la que esperaba: la\u00a0<strong>disputa entre unitarios y federales<\/strong>\u00a0hizo que optara por regresar a Europa en\u00a0<strong>1824<\/strong>. El destino, Francia.<\/span><\/p>\n<p><span style=\"color: #000000;\">Para\u00a0<strong>1825<\/strong>, preso de las dolencias f\u00edsicas de los a\u00f1os de lucha (sobre todo la \u00falcera hemorr\u00e1gica y la artrosis) y las preocupaciones que hostigaban su mente escribi\u00f3<strong>\u00a0<\/strong><em>M\u00e1ximas para mi hija.<\/em><\/span><\/p>\n<p><span style=\"color: #000000;\">Enterado de la situaci\u00f3n que se viv\u00eda en Am\u00e9rica intent\u00f3 regresar a Buenos Aires, pero permaneci\u00f3 un tiempo en Montevideo y, finalmente, en\u00a0<strong>1831<\/strong>\u00a0se radic\u00f3 definitivamente en una finca de campo cercana a Par\u00eds, Francia.<\/span><\/p>\n<p><span style=\"color: #000000;\">El\u00a0<strong>23 de enero de 1844<\/strong>, San Mart\u00edn escribi\u00f3 su testamento.\u00a0<strong>Mercedes Tomasa de San Mart\u00edn y Escalada<\/strong>, su \u00fanica hija, fue nombrada como su heredera. En ese escrito tambi\u00e9n expres\u00f3 su voluntad:\u00a0<strong>\u00abDesear\u00eda que mi coraz\u00f3n fuese sepultado en Buenos Aires\u00bb<\/strong>.<\/span><\/p>\n<p><span style=\"color: #000000;\"><a style=\"color: #000000;\" href=\"http:\/\/vinasfm.com\/noticias\/wp-content\/uploads\/2019\/08\/descarga-1-1.jpg\"><img loading=\"lazy\" decoding=\"async\" class=\" wp-image-57007 aligncenter\" src=\"http:\/\/vinasfm.com\/noticias\/wp-content\/uploads\/2019\/08\/descarga-1-1.jpg\" alt=\"\" width=\"564\" height=\"327\" \/><\/a><\/span><\/p>\n<p><span style=\"color: #000000;\"><strong>El pr\u00f3cer muri\u00f3\u00a0en una habitaci\u00f3n alquilada el 17 de agosto de 1850 en Francia<\/strong>. Su \u00faltimo deseo fue cumplido reci\u00e9n\u00a0<strong>el 28 de mayo de 1880\u00a0<\/strong>por gesti\u00f3n del presidente<strong>\u00a0Nicol\u00e1s Avellaneda<\/strong>. Desde entonces, sus restos descansan en la Capilla Nuestra Se\u00f1ora de la Paz, ubicada en la\u00a0<strong>Catedral Metropolitana<\/strong>, y es custodiado permanentemente por dos granaderos.<\/span><\/p>\n<h4><span style=\"color: #000000;\"><strong>Las dolencias cr\u00f3nicas de San Mart\u00edn<\/strong><\/span><\/h4>\n<p><span style=\"color: #000000;\">En agosto de 1819 <strong>San Mart\u00edn le escribi\u00f3 a su amigo Tom\u00e1s Guido<\/strong> sobre sus dolencias: \u00ab<em><strong>Ya estar\u00eda en Buenos Aires de no haber sido un diab\u00f3lico ataque de reumatismo inflamatorio que me ha tenido once d\u00edas postrado de pies y manos y sufriendo dolores agudos: ayer me levant\u00e9 algo m\u00e1s aliviado<\/strong><\/em>\u00ab.<\/span><\/p>\n<p><span style=\"color: #000000;\"><strong>Esta enfermedad articular se le manifest\u00f3 a partir de los 39 a\u00f1os<\/strong>; los factores desencadenantes fueron el fr\u00edo, la fatiga y \u2013una vez m\u00e1s- las preocupaciones.<strong>\u00a0Los motivos para hablar de gota y no de reumatismo son las localizaciones del dolor: habitualmente las mu\u00f1ecas, las manos y los pies.<\/strong>\u00a0Tambi\u00e9n el hecho de que, luego de los ataques, recuperaba la movilidad articular y no hab\u00eda deformaciones. En la \u00fanica fotograf\u00eda de San Mart\u00edn \u2013el daguerrotipo tomado dos a\u00f1os antes de su muerte- se ve una de sus manos, sin deform El argentino F\u00e9lix Fr\u00edas, corresponsal de\u00a0<em>El Mercurio<\/em>\u00a0en Francia, lleg\u00f3 a Boulogne sur Mer pocas horas despu\u00e9s de la muerte de San Mart\u00edn y dej\u00f3 un relato detallado de lo que pas\u00f3 aquel d\u00eda.<\/span><\/p>\n<div id=\"attachment_57003\" style=\"width: 266px\" class=\"wp-caption alignleft\"><a style=\"color: #000000;\" href=\"http:\/\/vinasfm.com\/noticias\/wp-content\/uploads\/2019\/08\/images.jpg\"><img loading=\"lazy\" decoding=\"async\" aria-describedby=\"caption-attachment-57003\" class=\"wp-image-57003 size-full\" src=\"http:\/\/vinasfm.com\/noticias\/wp-content\/uploads\/2019\/08\/images.jpg\" alt=\"\" width=\"266\" height=\"189\" \/><\/a><p id=\"caption-attachment-57003\" class=\"wp-caption-text\"><span style=\"color: #000000;\">Jos\u00e9 Francisco de San Mart\u00edn.<\/span><\/p><\/div>\n<p><span style=\"color: #000000;\">\u00ab<em>El 17 (de agosto), el general se levant\u00f3 sereno y con las fuerzas suficientes para pasar a la habitaci\u00f3n de su hija, donde pidi\u00f3 que le leyeran los diarios (\u2026). Hizo poner rap\u00e9 en su caja para convidar al m\u00e9dico que deb\u00eda venir m\u00e1s tarde, y tom\u00f3 alg\u00fan alimento.<strong>\u00a0Nada anunciaba en su semblante ni en sus palabras el pr\u00f3ximo fin de su existencia. (\u2026) Despu\u00e9s de las dos de la tarde, el general San Mart\u00edn se sinti\u00f3 atacado por sus agudos dolores nerviosos de est\u00f3mago.<\/strong>\u00a0El doctor Jardon, su m\u00e9dico, y sus hijos estaban a su lado. El primero no se alarm\u00f3 y dijo que aquel ataque pasar\u00eda como los precedentes. En efecto, los dolores calmaron, pero, repentinamente, el general, que hab\u00eda pasado al lecho de su hija, hizo un movimiento convulsivo, indicando al se\u00f1or Balcarce con palabras entrecortadas que la alejara, y expir\u00f3 casi sin agon\u00eda<\/em>\u00ab.<\/span><\/p>\n<h4><span style=\"color: #000000;\"><em><strong>M\u00e1ximas para mi hija<\/strong><\/em><strong>\u00a0y el deseo de c\u00f3mo deb\u00edan\u00a0criar\u00a0a Merceditas<\/strong><\/span><\/h4>\n<p><span style=\"color: #000000;\">En\u00a0<strong>1825<\/strong>, Jos\u00e9 de San Mart\u00edn escribi\u00f3 una lista de consejos dirigidos a quien quedara a cargo de la crianza de su \u00fanica hija,\u00a0Merceditas, de entonces de 9 a\u00f1os.<\/span><\/p>\n<p><span style=\"color: #000000;\">All\u00ed, el pr\u00f3cer vuelca\u00a0los ideales que ten\u00eda para que fuera educada y\u00a0<strong>se destaca el deseo de que la ni\u00f1a fuera sensible y respetuosa con el pr\u00f3jimo.<\/strong><\/span><\/p>\n<ol>\n<li><span style=\"color: #000000;\">\u00a0Humanizar el car\u00e1cter y hacerlo sensible a\u00fan con los insectos que nos perjudican. (Laurence) Stern\u200b ha dicho a una mosca abri\u00e9ndole la ventana para que saliese: \u00abAnda, pobre animal, el mundo es demasiado grande para nosotros dos\u00bb.<\/span><\/li>\n<li><span style=\"color: #000000;\">\u00a0Inspirarle amor a la verdad y odio a la mentira.<\/span><\/li>\n<li><span style=\"color: #000000;\">\u00a0Inspirarle una gran confianza y amistad, pero unida al respeto.<\/span><\/li>\n<li><span style=\"color: #000000;\">\u00a0Estimular en Mercedes la caridad con los pobres.<\/span><\/li>\n<li><span style=\"color: #000000;\">\u00a0Respeto sobre la propiedad ajena.<\/span><\/li>\n<li><span style=\"color: #000000;\">\u00a0Acostumbrarla a guardar un secreto.<\/span><\/li>\n<li><span style=\"color: #000000;\">\u00a0Inspirarle sentimientos de indulgencia hacia todas las religiones.<\/span><\/li>\n<li><span style=\"color: #000000;\">\u00a0Dulzura con los criados, pobres y viejos.<\/span><\/li>\n<li><span style=\"color: #000000;\">\u00a0Que hable poco y lo preciso.<\/span><\/li>\n<li><span style=\"color: #000000;\">Acostumbrarla a estar formal en la mesa.<\/span><\/li>\n<li><span style=\"color: #000000;\">Amor al aseo y desprecio al lujo.<\/span><\/li>\n<li><span style=\"color: #000000;\">Inspirarle amor por la Patria y por la Libertad.<\/span><\/li>\n<\/ol>\n<h4><span style=\"color: #000000;\"><strong>El pensamiento del Libertador resumido en sus 15 frases m\u00e1s c\u00e9lebres<\/strong><\/span><\/h4>\n<p><span style=\"color: #000000;\"><a style=\"color: #000000;\" href=\"http:\/\/vinasfm.com\/noticias\/wp-content\/uploads\/2019\/08\/descarga-1.jpg\"><img loading=\"lazy\" decoding=\"async\" class=\"size-full wp-image-57004 alignleft\" src=\"http:\/\/vinasfm.com\/noticias\/wp-content\/uploads\/2019\/08\/descarga-1.jpg\" alt=\"\" width=\"199\" height=\"253\" \/><\/a><\/span><\/p>\n<ul>\n<li><span style=\"color: #000000;\">-Hace m\u00e1s ruido un s\u00f3lo hombre gritando que cien mil que est\u00e1n callados.<\/span><\/li>\n<li><span style=\"color: #000000;\">-Sacrificar\u00eda mi existencia, antes de echar una mancha sobre mi vida p\u00fablica que se pudiera interpretar por ambici\u00f3n.<\/span><\/li>\n<li><span style=\"color: #000000;\">-Mis necesidades est\u00e1n suficientemente atendidas\u00a0<strong>con la mitad del sueldo que gozo.<\/strong><\/span><\/li>\n<li><span style=\"color: #000000;\">-Mi juventud fue sacrificada al servicio de los espa\u00f1oles, mi edad mediana al de la patria, creo que tengo derecho de disponer de mi vejez.<\/span><\/li>\n<li><span style=\"color: #000000;\">-Si hay victoria en vencer al enemigo,<strong>\u00a0la hay mayor cuando el hombre se vence a s\u00ed mismo.<\/strong><\/span><\/li>\n<li><span style=\"color: #000000;\">-Seamos libres y lo dem\u00e1s no importa nada.<\/span><\/li>\n<li><span style=\"color: #000000;\">-En defensa de la patria todo es l\u00edcito menos dejarla perecer.<\/span><\/li>\n<li><span style=\"color: #000000;\">-Uno debe saber vivir con el dinero que tiene.<\/span><\/li>\n<li><span style=\"color: #000000;\">-Mi sable nunca saldr\u00e1 de la vaina por opiniones pol\u00edticas.<\/span><\/li>\n<li><span style=\"color: #000000;\">-No esperemos recompensas de nuestras fatigas y desvelos.<\/span><\/li>\n<li><span style=\"color: #000000;\">-El que se est\u00e1 ahogando no repara en lo que tiene a mano para agarrarse.<\/span><\/li>\n<li><span style=\"color: #000000;\">-La seguridad de los pueblos a mi mando es el m\u00e1s sagrado de los deberes.<\/span><\/li>\n<li><span style=\"color: #000000;\">-La conciencia es el mejor juez que tiene un hombre de bien.<\/span><\/li>\n<li><span style=\"color: #000000;\">-Proh\u00edbo que se me haga ning\u00fan g\u00e9nero de funeral; y desde el lugar en que falleciere se me conducir\u00e1 directamente al cementerio sin ning\u00fan acompa\u00f1amiento.<\/span><\/li>\n<li><span style=\"color: #000000;\">&#8211;<strong>Ser\u00e1s lo que debas ser o no ser\u00e1s nada<\/strong>.<\/span><\/li>\n<\/ul>\n<h4 style=\"text-align: center;\"><span style=\"color: #000000;\"><strong>EL HOMBRE DETR\u00c1S DEL MITO<\/strong><\/span><\/h4>\n<p><span style=\"color: #000000;\">\u00ab<strong>El Padre de la Patria<\/strong>\u00bb vivi\u00f3 en Mendoza entre 1814 y 1817 en un periodo que fue parte de la gesta libertadora. Si bien estuvo gran parte de ese tiempo en una casona cuya ubicaci\u00f3n actual es Corrientes 343 de la Cuarta Secci\u00f3n de Ciudad (en ese lugar hoy hay un taller mec\u00e1nico), el General recorri\u00f3 gran parte del territorio mendocino, preparando el hist\u00f3rico cruce a Chile.<\/span><\/p>\n<p><span style=\"color: #000000;\">En ese periodo de tiempo hay una serie de historias, desconocidas para la mayor\u00eda, que protagoniz\u00f3 San Mart\u00edn en tierras mendocinas, las cuales sobrevivieron gracias a la tradici\u00f3n oral y luego fueron recopiladas en un libro del escritor sancarlino, Alberto Piatelli.<\/span><\/p>\n<p><span style=\"color: #000000;\">Una de esas historias tiene como escenario el Valle de Uco, donde San Mart\u00edn celebr\u00f3 un Parlamento\u00a0con los indios pehuenches en el Fuerte San Carlos durante los preparativos de la gesta libertadora.<\/span><\/p>\n<p><span style=\"color: #000000;\"><strong>La pobreza de los indios pehuenches conmovi\u00f3 al General.<\/strong><\/span><\/p>\n<p><span style=\"color: #000000;\">En ese entorno hay una historia que muestra el perfil m\u00e1s humanitario del General. San Mart\u00edn fue testigo del nacimiento de un indio pehuenche. El beb\u00e9 naci\u00f3 en condiciones de extrema precariedad, algo que conmovi\u00f3 al Libertador y por lo cual se ofreci\u00f3 como su padrino. \u00a0\u201cA los dos d\u00edas de la llegada de los indios pari\u00f3 una de las mujeres, y enseguida fue inmediatamente al r\u00edo acompa\u00f1ada de dos mujeres de su misma tribu, se meti\u00f3 en el agua con el reci\u00e9n nacido y permaneci\u00f3 bastante tiempo, a los pocos d\u00edas despu\u00e9s parti\u00f3 con todos los dem\u00e1s para su tierra, completamente restablecida\u201d, cuenta el libro de Piatelli.<\/span><\/p>\n<p><span style=\"color: #000000;\">El lavado, de las mujeres al dar a luz y el reci\u00e9n nacido, que hac\u00edan los indios pehuenches se llevaba a cabo en el arroyo\u00a0Yaucha, famoso por sus heladas aguas. Ese acto de pobreza y humildad por parte de la madre con su beb\u00e9 conmovieron profundamente a San Mart\u00edn.<\/span><\/p>\n<p><span style=\"color: #000000;\">Por tal motivo, antes de partir, el\u00a0Fray Francisco de Inalic\u00e1n, quien era parte de la comitiva libertadora, bautiz\u00f3 al peque\u00f1o en la habitaci\u00f3n del General, quien se consagr\u00f3 como su padrino.<\/span><\/p>\n<blockquote>\n<p style=\"text-align: center;\"><span style=\"color: #000000;\"><em><strong>\u00abLos hombres como t\u00fa no mueren Libertador, cierran los ojos para seguir velando&#8230;\u00bb<\/strong><\/em><\/span><\/p>\n<\/blockquote>\n<h5><span style=\"color: #000000;\"><em>F.B. (F.M. Vi\u00f1as).<\/em><\/span><\/h5>\n<audio class=\"wp-audio-shortcode\" id=\"audio-56995-1\" loop autoplay preload=\"auto\" style=\"width: 100%;\" controls=\"controls\"><source type=\"audio\/mpeg\" src=\"http:\/\/vinasfm.com\/noticias\/wp-content\/uploads\/2019\/08\/Himno-a-San-Mart\u00edn-Pedro-Aznar.mp3?_=1\" \/><a href=\"http:\/\/vinasfm.com\/noticias\/wp-content\/uploads\/2019\/08\/Himno-a-San-Mart\u00edn-Pedro-Aznar.mp3\">http:\/\/vinasfm.com\/noticias\/wp-content\/uploads\/2019\/08\/Himno-a-San-Mart\u00edn-Pedro-Aznar.mp3<\/a><\/audio>\n","protected":false},"excerpt":{"rendered":"<p>El\u00a0General Jos\u00e9 de San Mart\u00edn\u00a0ten\u00eda 72 a\u00f1os cuando muri\u00f3 repentinamente. Fue el\u00a017 de agosto de 1850, al lado de su hija, &#8230;<\/p>\n","protected":false},"author":8,"featured_media":57002,"comment_status":"open","ping_status":"open","sticky":false,"template":"","format":"standard","meta":{"footnotes":""},"categories":[5,27],"tags":[],"class_list":["post-56995","post","type-post","status-publish","format-standard","has-post-thumbnail","hentry","category-actualidad","category-efemerides"],"_links":{"self":[{"href":"https:\/\/vinasfm.com\/noticias\/wp-json\/wp\/v2\/posts\/56995","targetHints":{"allow":["GET"]}}],"collection":[{"href":"https:\/\/vinasfm.com\/noticias\/wp-json\/wp\/v2\/posts"}],"about":[{"href":"https:\/\/vinasfm.com\/noticias\/wp-json\/wp\/v2\/types\/post"}],"author":[{"embeddable":true,"href":"https:\/\/vinasfm.com\/noticias\/wp-json\/wp\/v2\/users\/8"}],"replies":[{"embeddable":true,"href":"https:\/\/vinasfm.com\/noticias\/wp-json\/wp\/v2\/comments?post=56995"}],"version-history":[{"count":3,"href":"https:\/\/vinasfm.com\/noticias\/wp-json\/wp\/v2\/posts\/56995\/revisions"}],"predecessor-version":[{"id":95609,"href":"https:\/\/vinasfm.com\/noticias\/wp-json\/wp\/v2\/posts\/56995\/revisions\/95609"}],"wp:featuredmedia":[{"embeddable":true,"href":"https:\/\/vinasfm.com\/noticias\/wp-json\/wp\/v2\/media\/57002"}],"wp:attachment":[{"href":"https:\/\/vinasfm.com\/noticias\/wp-json\/wp\/v2\/media?parent=56995"}],"wp:term":[{"taxonomy":"category","embeddable":true,"href":"https:\/\/vinasfm.com\/noticias\/wp-json\/wp\/v2\/categories?post=56995"},{"taxonomy":"post_tag","embeddable":true,"href":"https:\/\/vinasfm.com\/noticias\/wp-json\/wp\/v2\/tags?post=56995"}],"curies":[{"name":"wp","href":"https:\/\/api.w.org\/{rel}","templated":true}]}}