{"id":56935,"date":"2019-08-16T09:45:59","date_gmt":"2019-08-16T12:45:59","guid":{"rendered":"http:\/\/vinasfm.com\/noticias\/?p=56935"},"modified":"2019-08-17T10:33:38","modified_gmt":"2019-08-17T13:33:38","slug":"una-camioneta-impacto-contra-una-garita-en-ruta-143","status":"publish","type":"post","link":"https:\/\/vinasfm.com\/noticias\/una-camioneta-impacto-contra-una-garita-en-ruta-143\/","title":{"rendered":"UNA CAMIONETA IMPACT\u00d3 CONTRA UNA GARITA EN RUTA 143"},"content":{"rendered":"<h4><strong>A las 06:10h de este viernes tres ocupantes de una camioneta que se dirig\u00eda a San Rafael sufrieron lesiones tras protagonizar un accidente vial en Ruta 143 (Km 668).<\/strong><\/h4>\n<p>Seg\u00fan indic\u00f3 la informaci\u00f3n oficial, una <strong>Toyota Hilux<\/strong> en la que se desplazaban 3 ocupantes colision\u00f3 contra una garita de colectivo dispuesta en <strong>Ruta 143<\/strong>, en la <strong>zona de Negro Quemado<\/strong>. La conductora identificada como <strong>Ana Mar\u00eda Marapode<\/strong> (38) iba acompa\u00f1ada por <strong>Roberto Agust\u00edn Rodr\u00edguez<\/strong> (32) y <strong>Facundo Marapode<\/strong> (17), todos <strong>oriundos de Buenos Aires<\/strong>.<\/p>\n<p><strong>Mec\u00e1nica del accidente:<\/strong><\/p>\n<p>Circulaba por Ruta\u00a0 143\u00a0 hacia San Rafael cuando la conductora se qued\u00f3 dormida y se cruz\u00f3 de carril impactando con la garita de parada de \u00f3mnibus que se encuentra del lado izquierdo.<\/p>\n<p>Como consecuencia del impacto <strong>fueron trasladados al nosocomio local<\/strong> revistiendo <strong>traumatismos leves<\/strong>. Son atendidos por el Dr. Ruiz M\u00e1rquez.<\/p>\n<p>Se est\u00e1n labrando actuaciones en \u201c<strong>Averiguaci\u00f3n lesiones culposas<\/strong>\u201d en <strong>Comisar\u00eda 26\u00b0<\/strong>.<\/p>\n<h5><em>F.B. (F.M. Vi\u00f1as).<\/em><\/h5>\n","protected":false},"excerpt":{"rendered":"<p>A las 06:10h de este viernes tres ocupantes de una camioneta que se dirig\u00eda a San Rafael sufrieron lesiones tras protagonizar &#8230;<\/p>\n","protected":false},"author":8,"featured_media":56940,"comment_status":"open","ping_status":"open","sticky":false,"template":"","format":"standard","meta":{"footnotes":""},"categories":[5,4],"tags":[],"class_list":["post-56935","post","type-post","status-publish","format-standard","has-post-thumbnail","hentry","category-actualidad","category-policiales"],"_links":{"self":[{"href":"https:\/\/vinasfm.com\/noticias\/wp-json\/wp\/v2\/posts\/56935","targetHints":{"allow":["GET"]}}],"collection":[{"href":"https:\/\/vinasfm.com\/noticias\/wp-json\/wp\/v2\/posts"}],"about":[{"href":"https:\/\/vinasfm.com\/noticias\/wp-json\/wp\/v2\/types\/post"}],"author":[{"embeddable":true,"href":"https:\/\/vinasfm.com\/noticias\/wp-json\/wp\/v2\/users\/8"}],"replies":[{"embeddable":true,"href":"https:\/\/vinasfm.com\/noticias\/wp-json\/wp\/v2\/comments?post=56935"}],"version-history":[{"count":1,"href":"https:\/\/vinasfm.com\/noticias\/wp-json\/wp\/v2\/posts\/56935\/revisions"}],"predecessor-version":[{"id":56941,"href":"https:\/\/vinasfm.com\/noticias\/wp-json\/wp\/v2\/posts\/56935\/revisions\/56941"}],"wp:featuredmedia":[{"embeddable":true,"href":"https:\/\/vinasfm.com\/noticias\/wp-json\/wp\/v2\/media\/56940"}],"wp:attachment":[{"href":"https:\/\/vinasfm.com\/noticias\/wp-json\/wp\/v2\/media?parent=56935"}],"wp:term":[{"taxonomy":"category","embeddable":true,"href":"https:\/\/vinasfm.com\/noticias\/wp-json\/wp\/v2\/categories?post=56935"},{"taxonomy":"post_tag","embeddable":true,"href":"https:\/\/vinasfm.com\/noticias\/wp-json\/wp\/v2\/tags?post=56935"}],"curies":[{"name":"wp","href":"https:\/\/api.w.org\/{rel}","templated":true}]}}