{"id":56833,"date":"2019-08-14T07:30:08","date_gmt":"2019-08-14T10:30:08","guid":{"rendered":"http:\/\/vinasfm.com\/noticias\/?p=56833"},"modified":"2019-08-14T08:28:52","modified_gmt":"2019-08-14T11:28:52","slug":"cecsagal-continua-desarrollando-obras-en-distintos-puntos-de-la-region","status":"publish","type":"post","link":"https:\/\/vinasfm.com\/noticias\/cecsagal-continua-desarrollando-obras-en-distintos-puntos-de-la-region\/","title":{"rendered":"CECSAGAL CONTIN\u00daA DESARROLLANDO OBRAS EN DISTINTOS PUNTOS DE LA REGI\u00d3N"},"content":{"rendered":"<h4 dir=\"ltr\"><strong>Cecsagal reafirma su compromiso federal con la regi\u00f3n y contin\u00faa realizando obras para brindar un servicio el\u00e9ctrico de excelencia en Real del Padre, Carmensa, Oeste y Ciudad.<\/strong><\/h4>\n<p dir=\"ltr\">Distintas obras de importancia, tanto por su inversi\u00f3n como por la repercusi\u00f3n que tendr\u00e1 en la calidad de vida de la gente, se est\u00e1n llevando a cabo en toda la regi\u00f3n. Es el caso de la <strong>electrificaci\u00f3n en barrio Zangrandi, en la zona de Los Compartos y El Ceibo<\/strong>, la obra comprende una l\u00ednea de media y baja tensi\u00f3n con una subestaci\u00f3n transformadora que permitir\u00e1 abastecer a un n\u00famero importante de vecinos que actualmente cuentan con lotes pero no con el servicio el\u00e9ctrico.<\/p>\n<p dir=\"ltr\">Adem\u00e1s <strong>se est\u00e1 finalizando una l\u00ednea de media tensi\u00f3n con cable protegido en calle 10, entre M y O<\/strong>, lo que beneficiar\u00e1 a los vecinos de <strong>La Marzolina<\/strong>. <strong>En Ciudad se comenz\u00f3 con las tareas de electrificaci\u00f3n en el barrio Malvinas II<\/strong>, que comprende una l\u00ednea de media y baja tensi\u00f3n, con subestaci\u00f3n transformadora y alumbrado, esta obra se realiza con cr\u00e9ditos del <strong>FEDEI<\/strong> y que beneficiar\u00e1 a unos 78 usuarios de este barrio. Por la misma zona se trabaja en una l\u00ednea de media tensi\u00f3n protegida que une al polideportivo nuevo con los barrios Policial y Municipal, lo que permitir\u00e1 una alimentaci\u00f3n alternativa en caso de fallas en alguna de esas redes.<\/p>\n<p dir=\"ltr\">En <strong>El Juncalito<\/strong> se est\u00e1 construyendo una <strong>l\u00ednea de media tensi\u00f3n protegida sobre calle F, entre Ruta Nacional 143 y calle Alem<\/strong>, esto permitir\u00e1 unir la zona de la ruta donde se encuentran bodegas y estaciones de servicio con el sector de calle G y calle Lorca.<\/p>\n<p dir=\"ltr\">Se est\u00e1n finalizando dos obras importantes como son <strong>la remodelaci\u00f3n del barrio Irrigaci\u00f3n en su totalidad<\/strong>, trabajos que contemplan <strong>reemplazo de columnas, conductores y luminarias<\/strong>. Adem\u00e1s se finaliz\u00f3 con el <strong>recambio del tendido el\u00e9ctrico, columnas y soportes de la Diagonal Pellegrini por lo que solo resta el recambio de luminarias<\/strong>.<\/p>\n<p dir=\"ltr\">En <strong>Real del Padre<\/strong> se finaliz\u00f3 una <strong>l\u00ednea de media tensi\u00f3n con subestaci\u00f3n transformadora en calle Brasileros, al este de la ruta vieja<\/strong>. Tambi\u00e9n se est\u00e1 trabajando en <strong>calle Rinc\u00f3n del Indio entre la ruta vieja y la ruta nueva, esta tarea comprende 1400 mts de l\u00ednea de media tensi\u00f3n protegida<\/strong> que beneficiar\u00e1 a usuarios de la zona que cuentan con c\u00e1maras frigor\u00edficas y otras maquinarias.<\/p>\n<p dir=\"ltr\">Tambi\u00e9n en Real del Padre se est\u00e1 <strong>concluyendo una l\u00ednea de media tensi\u00f3n protegida en calle Los Andes entre El Vivero y Romero<\/strong>, lo que abastecer\u00e1 toda la zona noreste de Real del Padre que habitualmente era muy afectada por el viento y arboledas.<\/p>\n<p dir=\"ltr\">Cabe destacar que han continuado las tareas de poda en toda la regi\u00f3n, \u201c<em>Este a\u00f1o se dispuso realizar las tareas con dos cuadrillas y todo supervisado por una ingeniera agr\u00f3noma que nos est\u00e1 dando el asesoramiento necesario para una poda adecuada y acorde a las normativas vigentes<\/em>\u201d explic\u00f3 el <strong>Ingeniero Mauricio Iboldi del \u00c1rea T\u00e9cnica de Cecsagal<\/strong>.<\/p>\n<h5 dir=\"ltr\"><em>F.B. (F.M. Vi\u00f1as).<\/em><\/h5>\n","protected":false},"excerpt":{"rendered":"<p>Cecsagal reafirma su compromiso federal con la regi\u00f3n y contin\u00faa realizando obras para brindar un servicio el\u00e9ctrico de excelencia en Real &#8230;<\/p>\n","protected":false},"author":8,"featured_media":56834,"comment_status":"open","ping_status":"open","sticky":false,"template":"","format":"standard","meta":{"footnotes":""},"categories":[5,29],"tags":[],"class_list":["post-56833","post","type-post","status-publish","format-standard","has-post-thumbnail","hentry","category-actualidad","category-obras-y-servicios"],"_links":{"self":[{"href":"https:\/\/vinasfm.com\/noticias\/wp-json\/wp\/v2\/posts\/56833","targetHints":{"allow":["GET"]}}],"collection":[{"href":"https:\/\/vinasfm.com\/noticias\/wp-json\/wp\/v2\/posts"}],"about":[{"href":"https:\/\/vinasfm.com\/noticias\/wp-json\/wp\/v2\/types\/post"}],"author":[{"embeddable":true,"href":"https:\/\/vinasfm.com\/noticias\/wp-json\/wp\/v2\/users\/8"}],"replies":[{"embeddable":true,"href":"https:\/\/vinasfm.com\/noticias\/wp-json\/wp\/v2\/comments?post=56833"}],"version-history":[{"count":1,"href":"https:\/\/vinasfm.com\/noticias\/wp-json\/wp\/v2\/posts\/56833\/revisions"}],"predecessor-version":[{"id":56835,"href":"https:\/\/vinasfm.com\/noticias\/wp-json\/wp\/v2\/posts\/56833\/revisions\/56835"}],"wp:featuredmedia":[{"embeddable":true,"href":"https:\/\/vinasfm.com\/noticias\/wp-json\/wp\/v2\/media\/56834"}],"wp:attachment":[{"href":"https:\/\/vinasfm.com\/noticias\/wp-json\/wp\/v2\/media?parent=56833"}],"wp:term":[{"taxonomy":"category","embeddable":true,"href":"https:\/\/vinasfm.com\/noticias\/wp-json\/wp\/v2\/categories?post=56833"},{"taxonomy":"post_tag","embeddable":true,"href":"https:\/\/vinasfm.com\/noticias\/wp-json\/wp\/v2\/tags?post=56833"}],"curies":[{"name":"wp","href":"https:\/\/api.w.org\/{rel}","templated":true}]}}